{"id":12648,"date":"2017-11-24T23:38:31","date_gmt":"2017-11-25T05:38:31","guid":{"rendered":"http:\/\/www.imer.mx\/opus\/?p=12648"},"modified":"2017-11-24T23:38:31","modified_gmt":"2017-11-25T05:38:31","slug":"notas-y-claves-sabado-25-noviembre-2017-1700-a-1800-hrs","status":"publish","type":"post","link":"https:\/\/www.imer.mx\/opus\/notas-y-claves-sabado-25-noviembre-2017-1700-a-1800-hrs\/","title":{"rendered":"Notas y claves &#8211; S\u00e1bado 25 noviembre 2017 &#8211; 17:00 a 18:00 hrs."},"content":{"rendered":"<p>Sintonice el programa <strong>&#8220;Notas y claves&#8221;<\/strong> este <strong>s\u00e1bado 25 de noviembre de 17:00 a 18:00 horas.<\/strong><\/p>\n<p>En esta ocasi\u00f3n le presentaremos <strong>&#8220;M\u00fasica de c\u00f3dices americanos&#8221;<\/strong> con selecciones del <strong>&#8220;C\u00f3dice Mart\u00ednez Compa\u00f1\u00f3n&#8221; (Per\u00fa 1783-1785)<\/strong> y <strong>8<\/strong> <strong>canciones de los indios canichanas (Bolivia 1790).<\/strong><\/p>\n<p>&nbsp;<\/p>\n<p>Interpretar\u00e1 la <strong><em>Capilla de Indias<\/em><\/strong> (Chile) que dirige la arpista <strong>Tiziana Palmiero<\/strong>.<\/p>\n","protected":false},"excerpt":{"rendered":"<p>Sintonice el programa &#8220;Notas y claves&#8221; este s\u00e1bado 25 de noviembre de 17:00 a 18:00 horas. En esta ocasi\u00f3n le presentaremos &#8220;M\u00fasica de c\u00f3dices americanos&#8221; con selecciones del &#8220;C\u00f3dice Mart\u00ednez Compa\u00f1\u00f3n&#8221; (Per\u00fa 1783-1785) y 8 canciones de los indios canichanas (Bolivia 1790). &nbsp; Interpretar\u00e1 la Capilla de Indias (Chile) que dirige la arpista Tiziana Palmiero.<\/p>\n","protected":false},"author":6,"featured_media":12649,"comment_status":"open","ping_status":"open","sticky":false,"template":"","format":"standard","meta":{"wp_popup_display_lightbox":0,"wp_popup_suppress":"","wp_popup_trigger":"","wp_popup_trigger_amount":0,"wp_popup_disable_on_mobile":false,"footnotes":""},"categories":[33],"tags":[],"class_list":["post-12648","post","type-post","status-publish","format-standard","has-post-thumbnail","hentry","category-notas-y-claves","category-33","description-off"],"_links":{"self":[{"href":"https:\/\/www.imer.mx\/opus\/wp-json\/wp\/v2\/posts\/12648","targetHints":{"allow":["GET"]}}],"collection":[{"href":"https:\/\/www.imer.mx\/opus\/wp-json\/wp\/v2\/posts"}],"about":[{"href":"https:\/\/www.imer.mx\/opus\/wp-json\/wp\/v2\/types\/post"}],"author":[{"embeddable":true,"href":"https:\/\/www.imer.mx\/opus\/wp-json\/wp\/v2\/users\/6"}],"replies":[{"embeddable":true,"href":"https:\/\/www.imer.mx\/opus\/wp-json\/wp\/v2\/comments?post=12648"}],"version-history":[{"count":0,"href":"https:\/\/www.imer.mx\/opus\/wp-json\/wp\/v2\/posts\/12648\/revisions"}],"wp:featuredmedia":[{"embeddable":true,"href":"https:\/\/www.imer.mx\/opus\/wp-json\/wp\/v2\/media\/12649"}],"wp:attachment":[{"href":"https:\/\/www.imer.mx\/opus\/wp-json\/wp\/v2\/media?parent=12648"}],"wp:term":[{"taxonomy":"category","embeddable":true,"href":"https:\/\/www.imer.mx\/opus\/wp-json\/wp\/v2\/categories?post=12648"},{"taxonomy":"post_tag","embeddable":true,"href":"https:\/\/www.imer.mx\/opus\/wp-json\/wp\/v2\/tags?post=12648"}],"curies":[{"name":"wp","href":"https:\/\/api.w.org\/{rel}","templated":true}]}}