{"id":11655,"date":"2017-06-14T14:19:52","date_gmt":"2017-06-14T19:19:52","guid":{"rendered":"http:\/\/www.imer.mx\/opus\/?p=11655"},"modified":"2017-06-14T14:27:27","modified_gmt":"2017-06-14T19:27:27","slug":"conciertos-radiofonicos-jueves-15-de-junio","status":"publish","type":"post","link":"https:\/\/www.imer.mx\/opus\/conciertos-radiofonicos-jueves-15-de-junio\/","title":{"rendered":"Conciertos radiof\u00f3nicos &#8211; Jueves 15 de junio"},"content":{"rendered":"<p><strong>\u201cConciertos Radiof\u00f3nicos\u201d, <\/strong>continuando la temporada por el <strong>XXXI Aniversario de Opus 94<\/strong>, presenta un concierto especial con motivo del XVI Aniversario del programa \u00a0<strong>\u201cHorizontes de nuestra m\u00fasica\u201d<\/strong>, conducido por el Mtro. Jorge C\u00f3rdoba. Participar\u00e1n: Ana Gabriela Fern\u00e1ndez, piano; Isolda Henr\u00edquez, piano y Juan Carlos Chac\u00f3n, guitarra; Marcia Medrano, tromb\u00f3n y Gustavo Pimentel, piano y el <em>Ensamble Cantera<\/em> dirigido por Francisco Z\u00fa\u00f1iga. Obras de Leonardo Coral, Gerardo Tam\u00e9z, Jorge C\u00f3rdoba y Francisco Z\u00fa\u00f1iga. <strong>Jueves<\/strong> <strong>15 de junio<\/strong> a las 17 horas. <strong>Estudio A <\/strong>del IMER, calle Mayorazgo no.83 col. Xoco.\u00a0 Confirme su asistencia a los tel\u00e9fonos\u00a0<strong>5628-1717 y 5604-8124, <\/strong>o bien esc\u00fachenos en vivo por el <strong>\u00a094.5 de FM.<\/strong> <strong>Entrada libre. Cupo limitado.<\/strong> No se podr\u00e1 acceder con ni\u00f1os menores de 8 a\u00f1os. <strong>Una vez iniciado el concierto no se permitir\u00e1 la entrada hasta la primera pausa. <\/strong><\/p>\n<p><strong>\u00a1Opus 94 invita!<\/strong><\/p>\n","protected":false},"excerpt":{"rendered":"<p>\u201cConciertos Radiof\u00f3nicos\u201d, continuando la temporada por el XXXI Aniversario de Opus 94, presenta un concierto especial con motivo del XVI Aniversario del programa \u00a0\u201cHorizontes de nuestra m\u00fasica\u201d, conducido por el Mtro. Jorge C\u00f3rdoba. Participar\u00e1n: Ana Gabriela Fern\u00e1ndez, piano; Isolda Henr\u00edquez, piano y Juan Carlos Chac\u00f3n, guitarra; Marcia Medrano, tromb\u00f3n y Gustavo Pimentel, piano y el&hellip;<\/p>\n","protected":false},"author":6,"featured_media":11658,"comment_status":"open","ping_status":"open","sticky":false,"template":"","format":"standard","meta":{"wp_popup_display_lightbox":0,"wp_popup_suppress":"","wp_popup_trigger":"","wp_popup_trigger_amount":0,"wp_popup_disable_on_mobile":false,"footnotes":""},"categories":[9],"tags":[],"class_list":["post-11655","post","type-post","status-publish","format-standard","has-post-thumbnail","hentry","category-sesiones-opus","category-9","description-off"],"_links":{"self":[{"href":"https:\/\/www.imer.mx\/opus\/wp-json\/wp\/v2\/posts\/11655","targetHints":{"allow":["GET"]}}],"collection":[{"href":"https:\/\/www.imer.mx\/opus\/wp-json\/wp\/v2\/posts"}],"about":[{"href":"https:\/\/www.imer.mx\/opus\/wp-json\/wp\/v2\/types\/post"}],"author":[{"embeddable":true,"href":"https:\/\/www.imer.mx\/opus\/wp-json\/wp\/v2\/users\/6"}],"replies":[{"embeddable":true,"href":"https:\/\/www.imer.mx\/opus\/wp-json\/wp\/v2\/comments?post=11655"}],"version-history":[{"count":0,"href":"https:\/\/www.imer.mx\/opus\/wp-json\/wp\/v2\/posts\/11655\/revisions"}],"wp:featuredmedia":[{"embeddable":true,"href":"https:\/\/www.imer.mx\/opus\/wp-json\/wp\/v2\/media\/11658"}],"wp:attachment":[{"href":"https:\/\/www.imer.mx\/opus\/wp-json\/wp\/v2\/media?parent=11655"}],"wp:term":[{"taxonomy":"category","embeddable":true,"href":"https:\/\/www.imer.mx\/opus\/wp-json\/wp\/v2\/categories?post=11655"},{"taxonomy":"post_tag","embeddable":true,"href":"https:\/\/www.imer.mx\/opus\/wp-json\/wp\/v2\/tags?post=11655"}],"curies":[{"name":"wp","href":"https:\/\/api.w.org\/{rel}","templated":true}]}}