{"id":11408,"date":"2017-05-02T19:11:27","date_gmt":"2017-05-03T00:11:27","guid":{"rendered":"http:\/\/www.imer.mx\/opus\/?p=11408"},"modified":"2017-05-02T19:11:27","modified_gmt":"2017-05-03T00:11:27","slug":"conciertos-radiofonicos-lunes-8-de-mayo","status":"publish","type":"post","link":"https:\/\/www.imer.mx\/opus\/conciertos-radiofonicos-lunes-8-de-mayo\/","title":{"rendered":"Conciertos radiof\u00f3nicos &#8211; Lunes 8 de mayo"},"content":{"rendered":"<p><strong>\u201cConciertos Radiof\u00f3nicos\u201d<\/strong> presenta el recital <strong>\u201cEntre amigos\u201d <\/strong>con obras del Mtro. <strong>Jorge C\u00f3rdoba<\/strong> colaborador de esta emisora. Ser\u00e1n 4 composiciones para varias combinaciones de instrumentos: clarinete y piano, piano a 4 manos, dos guitarras y marimbas de concierto y chiapaneca. Lunes <strong>8 de mayo<\/strong> a las 17 horas.<\/p>\n<p><strong>Estudio A <\/strong>del IMER, calle Mayorazgo no.83 col. Xoco.\u00a0 Confirme su asistencia a los tel\u00e9fonos\u00a0<strong>5628-1717 y 5604-8124, <\/strong>o bien esc\u00fachenos en vivo por el <strong>\u00a094.5 de FM.<br \/>\n<\/strong><\/p>\n<p><strong>Programa:<\/strong><\/p>\n<p><strong><em>2 PIEZAS L\u00cdRICAS <\/em><\/strong><\/p>\n<p>CLARINETE: ALEJANDRO MORENO<\/p>\n<p>PIANO: RAMIRO MART\u00cdNEZ<\/p>\n<p><strong><em>IMPULSOS III (Dualidad)<\/em><\/strong><\/p>\n<p>M\u00fasica para 2 guitarras<\/p>\n<p>Guitarras: JUAN CARLOS CHAC\u00d3N<\/p>\n<p>JUAN CARLOS RAM\u00cdREZ<\/p>\n<p><strong><em>AN\u00c9CDOTAS<\/em><\/strong><\/p>\n<p>3 piezas para piano a 4 manos<\/p>\n<p>Piano: ISOLDA HENR\u00cdQUEZ<\/p>\n<p>ADRI\u00c1N VEL\u00c1ZQUEZ<\/p>\n<p><strong><em>NANDAYAPA (R\u00edo verde)<\/em><\/strong><\/p>\n<p>4 Piezas para marimba chiapaneca y marimba de concierto<\/p>\n<p>I.-<em>NAN <\/em>\u00a0II.-<em>DA \u00a0\u00a0<\/em>III.-<em>YA<\/em> \u00a0\u00a0IV.-<em>PA<\/em><\/p>\n<p>Marimbas: JAVIER NANDAYAPA<\/p>\n<p>&nbsp;<\/p>\n<p><strong>Entrada libre. Cupo limitado.<\/strong><\/p>\n<p>No se podr\u00e1 acceder con ni\u00f1os menores de 8 a\u00f1os. <strong>Una vez iniciado el concierto no se permitir\u00e1 la entrada hasta la primera pausa. Para mayor informaci\u00f3n visite nuestra p\u00e1gina web: <\/strong><a href=\"https:\/\/www.imer.mx\/opus\"><strong><em>www.imer.mx\/opus<\/em><\/strong><\/a>. <strong>\u00a1Opus 94 invita!<\/strong><\/p>\n","protected":false},"excerpt":{"rendered":"<p>\u201cConciertos Radiof\u00f3nicos\u201d presenta el recital \u201cEntre amigos\u201d con obras del Mtro. Jorge C\u00f3rdoba colaborador de esta emisora. Ser\u00e1n 4 composiciones para varias combinaciones de instrumentos: clarinete y piano, piano a 4 manos, dos guitarras y marimbas de concierto y chiapaneca. Lunes 8 de mayo a las 17 horas. Estudio A del IMER, calle Mayorazgo no.83&hellip;<\/p>\n","protected":false},"author":6,"featured_media":11409,"comment_status":"open","ping_status":"open","sticky":false,"template":"","format":"standard","meta":{"wp_popup_display_lightbox":0,"wp_popup_suppress":"","wp_popup_trigger":"","wp_popup_trigger_amount":0,"wp_popup_disable_on_mobile":false,"footnotes":""},"categories":[9],"tags":[],"class_list":["post-11408","post","type-post","status-publish","format-standard","has-post-thumbnail","hentry","category-sesiones-opus","category-9","description-off"],"_links":{"self":[{"href":"https:\/\/www.imer.mx\/opus\/wp-json\/wp\/v2\/posts\/11408","targetHints":{"allow":["GET"]}}],"collection":[{"href":"https:\/\/www.imer.mx\/opus\/wp-json\/wp\/v2\/posts"}],"about":[{"href":"https:\/\/www.imer.mx\/opus\/wp-json\/wp\/v2\/types\/post"}],"author":[{"embeddable":true,"href":"https:\/\/www.imer.mx\/opus\/wp-json\/wp\/v2\/users\/6"}],"replies":[{"embeddable":true,"href":"https:\/\/www.imer.mx\/opus\/wp-json\/wp\/v2\/comments?post=11408"}],"version-history":[{"count":0,"href":"https:\/\/www.imer.mx\/opus\/wp-json\/wp\/v2\/posts\/11408\/revisions"}],"wp:featuredmedia":[{"embeddable":true,"href":"https:\/\/www.imer.mx\/opus\/wp-json\/wp\/v2\/media\/11409"}],"wp:attachment":[{"href":"https:\/\/www.imer.mx\/opus\/wp-json\/wp\/v2\/media?parent=11408"}],"wp:term":[{"taxonomy":"category","embeddable":true,"href":"https:\/\/www.imer.mx\/opus\/wp-json\/wp\/v2\/categories?post=11408"},{"taxonomy":"post_tag","embeddable":true,"href":"https:\/\/www.imer.mx\/opus\/wp-json\/wp\/v2\/tags?post=11408"}],"curies":[{"name":"wp","href":"https:\/\/api.w.org\/{rel}","templated":true}]}}