{"id":10751,"date":"2016-12-09T14:18:39","date_gmt":"2016-12-09T20:18:39","guid":{"rendered":"http:\/\/www.imer.mx\/opus\/?p=10751"},"modified":"2016-12-09T14:18:39","modified_gmt":"2016-12-09T20:18:39","slug":"conciertos-radiofonicos-martes-13-de-diciembre","status":"publish","type":"post","link":"https:\/\/www.imer.mx\/opus\/conciertos-radiofonicos-martes-13-de-diciembre\/","title":{"rendered":"Conciertos radiof\u00f3nicos &#8211; Martes 13 de diciembre"},"content":{"rendered":"<p><strong><em>Conciertos Radiof\u00f3nicos<\/em><\/strong><strong> cierra sus actividades del 2016 <\/strong>presentando al grupo <strong>\u201cConcierto Barroco\u201d<\/strong> con la participaci\u00f3n de la bailarina <strong>Lourdes Cabrera<\/strong>. Todos dirigidos por la <strong>Mtra. Denia D\u00edaz<\/strong>. Recital de villancicos novohispanos, espa\u00f1oles y peruanos. En esta ocasi\u00f3n el concierto ser\u00e1 el martes <strong>13 de diciembre<\/strong>. Lo esperamos a las 17:00 horas en el <strong>Estudio A <\/strong>del IMER, calle Mayorazgo no.83 col. Xoco.\u00a0 Confirme su asistencia a los tel\u00e9fonos\u00a0<strong>5628-1717 y 5604-8124, <\/strong>o bien esc\u00fachenos en vivo por el <strong>\u00a094.5 de FM.<\/strong><\/p>\n<p><strong>Entrada libre. Cupo limitado.<\/strong><\/p>\n<p><strong><u>Atento aviso<\/u><\/strong>: <strong>No se permitir\u00e1 el acceso con <u>mochilas, bultos, botellas de agua<\/u> o con ni\u00f1os menores de 8 a\u00f1os. Una vez iniciado el concierto no se permitir\u00e1 la entrada hasta la primera pausa.<br \/>\n<\/strong><strong>Gracias por su comprensi\u00f3n.<\/strong><\/p>\n","protected":false},"excerpt":{"rendered":"<p>Conciertos Radiof\u00f3nicos cierra sus actividades del 2016 presentando al grupo \u201cConcierto Barroco\u201d con la participaci\u00f3n de la bailarina Lourdes Cabrera. Todos dirigidos por la Mtra. Denia D\u00edaz. Recital de villancicos novohispanos, espa\u00f1oles y peruanos. En esta ocasi\u00f3n el concierto ser\u00e1 el martes 13 de diciembre. Lo esperamos a las 17:00 horas en el Estudio A&hellip;<\/p>\n","protected":false},"author":6,"featured_media":10752,"comment_status":"open","ping_status":"open","sticky":false,"template":"","format":"standard","meta":{"wp_popup_display_lightbox":0,"wp_popup_suppress":"","wp_popup_trigger":"","wp_popup_trigger_amount":0,"wp_popup_disable_on_mobile":false,"footnotes":""},"categories":[20,5,9],"tags":[],"class_list":["post-10751","post","type-post","status-publish","format-standard","has-post-thumbnail","hentry","category-noticias","category-opus-94","category-sesiones-opus","category-20","category-5","category-9","description-off"],"_links":{"self":[{"href":"https:\/\/www.imer.mx\/opus\/wp-json\/wp\/v2\/posts\/10751","targetHints":{"allow":["GET"]}}],"collection":[{"href":"https:\/\/www.imer.mx\/opus\/wp-json\/wp\/v2\/posts"}],"about":[{"href":"https:\/\/www.imer.mx\/opus\/wp-json\/wp\/v2\/types\/post"}],"author":[{"embeddable":true,"href":"https:\/\/www.imer.mx\/opus\/wp-json\/wp\/v2\/users\/6"}],"replies":[{"embeddable":true,"href":"https:\/\/www.imer.mx\/opus\/wp-json\/wp\/v2\/comments?post=10751"}],"version-history":[{"count":0,"href":"https:\/\/www.imer.mx\/opus\/wp-json\/wp\/v2\/posts\/10751\/revisions"}],"wp:featuredmedia":[{"embeddable":true,"href":"https:\/\/www.imer.mx\/opus\/wp-json\/wp\/v2\/media\/10752"}],"wp:attachment":[{"href":"https:\/\/www.imer.mx\/opus\/wp-json\/wp\/v2\/media?parent=10751"}],"wp:term":[{"taxonomy":"category","embeddable":true,"href":"https:\/\/www.imer.mx\/opus\/wp-json\/wp\/v2\/categories?post=10751"},{"taxonomy":"post_tag","embeddable":true,"href":"https:\/\/www.imer.mx\/opus\/wp-json\/wp\/v2\/tags?post=10751"}],"curies":[{"name":"wp","href":"https:\/\/api.w.org\/{rel}","templated":true}]}}