{"id":10698,"date":"2016-11-29T14:30:07","date_gmt":"2016-11-29T20:30:07","guid":{"rendered":"http:\/\/www.imer.mx\/opus\/?p=10698"},"modified":"2016-11-29T14:30:07","modified_gmt":"2016-11-29T20:30:07","slug":"conciertos-radiofonicos-viernes-2-de-diciembre","status":"publish","type":"post","link":"https:\/\/www.imer.mx\/opus\/conciertos-radiofonicos-viernes-2-de-diciembre\/","title":{"rendered":"Conciertos radiof\u00f3nicos &#8211; Viernes 2 de diciembre"},"content":{"rendered":"<p><strong><em>Conciertos Radiof\u00f3nicos<\/em><\/strong><strong> presenta en el mes de diciembre a la soprano<\/strong> <strong>Georgina Gatto<\/strong> con el recital titulado <strong><em>\u201cSue\u00f1os navide\u00f1os\u201d<\/em><\/strong>. M\u00fasica de Espa\u00f1a, Alemania, Hungr\u00eda, Francia y Estados Unidos. Participan el pianista \u00a0<strong>Aquiles Morales<\/strong>, el <strong>Cuarteto de Guitarras Kair\u00f3s<\/strong> y el percusionista <strong>Edwin Tovar<\/strong>. Viernes<strong> 2 de diciembre<\/strong> a las 17:00 horas en el <strong>Estudio A <\/strong>del IMER, calle Mayorazgo no.83 col. Xoco.\u00a0 Confirme su asistencia a los tel\u00e9fonos\u00a0<strong>5628-1717 y 5604-8124, <\/strong>o bien esc\u00fachenos en vivo por el <strong>\u00a094.5 de FM.<\/strong><\/p>\n<p><strong>Entrada libre. Cupo limitado.<\/strong><\/p>\n<p><strong><u>Atento aviso<\/u><\/strong>: <strong>No se permitir\u00e1 el acceso con <u>mochilas, bultos, botellas de agua<\/u> o con ni\u00f1os menores de 8 a\u00f1os. Una vez iniciado el concierto no se permitir\u00e1 la entrada hasta la primera pausa. <\/strong><strong>Gracias por su comprensi\u00f3n.<\/strong><\/p>\n","protected":false},"excerpt":{"rendered":"<p>Conciertos Radiof\u00f3nicos presenta en el mes de diciembre a la soprano Georgina Gatto con el recital titulado \u201cSue\u00f1os navide\u00f1os\u201d. M\u00fasica de Espa\u00f1a, Alemania, Hungr\u00eda, Francia y Estados Unidos. Participan el pianista \u00a0Aquiles Morales, el Cuarteto de Guitarras Kair\u00f3s y el percusionista Edwin Tovar. Viernes 2 de diciembre a las 17:00 horas en el Estudio A&hellip;<\/p>\n","protected":false},"author":6,"featured_media":10699,"comment_status":"open","ping_status":"open","sticky":false,"template":"","format":"standard","meta":{"wp_popup_display_lightbox":0,"wp_popup_suppress":"","wp_popup_trigger":"","wp_popup_trigger_amount":0,"wp_popup_disable_on_mobile":false,"footnotes":""},"categories":[20,5,9],"tags":[],"class_list":["post-10698","post","type-post","status-publish","format-standard","has-post-thumbnail","hentry","category-noticias","category-opus-94","category-sesiones-opus","category-20","category-5","category-9","description-off"],"_links":{"self":[{"href":"https:\/\/www.imer.mx\/opus\/wp-json\/wp\/v2\/posts\/10698","targetHints":{"allow":["GET"]}}],"collection":[{"href":"https:\/\/www.imer.mx\/opus\/wp-json\/wp\/v2\/posts"}],"about":[{"href":"https:\/\/www.imer.mx\/opus\/wp-json\/wp\/v2\/types\/post"}],"author":[{"embeddable":true,"href":"https:\/\/www.imer.mx\/opus\/wp-json\/wp\/v2\/users\/6"}],"replies":[{"embeddable":true,"href":"https:\/\/www.imer.mx\/opus\/wp-json\/wp\/v2\/comments?post=10698"}],"version-history":[{"count":0,"href":"https:\/\/www.imer.mx\/opus\/wp-json\/wp\/v2\/posts\/10698\/revisions"}],"wp:featuredmedia":[{"embeddable":true,"href":"https:\/\/www.imer.mx\/opus\/wp-json\/wp\/v2\/media\/10699"}],"wp:attachment":[{"href":"https:\/\/www.imer.mx\/opus\/wp-json\/wp\/v2\/media?parent=10698"}],"wp:term":[{"taxonomy":"category","embeddable":true,"href":"https:\/\/www.imer.mx\/opus\/wp-json\/wp\/v2\/categories?post=10698"},{"taxonomy":"post_tag","embeddable":true,"href":"https:\/\/www.imer.mx\/opus\/wp-json\/wp\/v2\/tags?post=10698"}],"curies":[{"name":"wp","href":"https:\/\/api.w.org\/{rel}","templated":true}]}}