{"id":10667,"date":"2016-11-24T14:16:51","date_gmt":"2016-11-24T20:16:51","guid":{"rendered":"http:\/\/www.imer.mx\/opus\/?p=10667"},"modified":"2016-11-24T14:16:51","modified_gmt":"2016-11-24T20:16:51","slug":"conciertos-radiofonicos-lunes-28-de-noviembre","status":"publish","type":"post","link":"https:\/\/www.imer.mx\/opus\/conciertos-radiofonicos-lunes-28-de-noviembre\/","title":{"rendered":"Conciertos radiof\u00f3nicos &#8211; Lunes 28 de noviembre"},"content":{"rendered":"<p><strong><em>Conciertos Radiof\u00f3nicos<\/em><\/strong> concluye el mes de noviembre con la participaci\u00f3n de la pianista brasile\u00f1a <strong>Joana Holanda<\/strong>, quien presentar\u00e1 el recital titulado \u201cM\u00fasica Brasileira\u201d. Con obras de<strong> Henrique Oswald, Eunice Katunda, Heitor Villa Lobos, <\/strong><strong>Marisa Rezende, <\/strong><strong>Bruno Ruviaro, Rog\u00e9rio Tavares Constante <\/strong>y <strong>Marc\u00edlio Onofre. <\/strong>Lunes<strong> 28 de noviembre<\/strong> a las 17:00 horas en el <strong>Estudio A <\/strong>del IMER, calle Mayorazgo no.83 col. Xoco.\u00a0 Confirme su asistencia a los tel\u00e9fonos\u00a0<strong>5628-1717 y 5604-8124, <\/strong>o bien esc\u00fachenos en vivo por el <strong>\u00a094.5 de FM.<\/strong><\/p>\n<p><strong>Entrada libre. Cupo limitado.<\/strong><\/p>\n<p><strong><u>Atento aviso<\/u><\/strong>: <strong>No se permitir\u00e1 el acceso con <u>mochilas, bultos, botellas de agua<\/u> o con ni\u00f1os menores de 8 a\u00f1os. Una vez iniciado el concierto no se permitir\u00e1 la entrada hasta la primera pausa. <\/strong><strong>Gracias por su comprensi\u00f3n.<\/strong><\/p>\n","protected":false},"excerpt":{"rendered":"<p>Conciertos Radiof\u00f3nicos concluye el mes de noviembre con la participaci\u00f3n de la pianista brasile\u00f1a Joana Holanda, quien presentar\u00e1 el recital titulado \u201cM\u00fasica Brasileira\u201d. Con obras de Henrique Oswald, Eunice Katunda, Heitor Villa Lobos, Marisa Rezende, Bruno Ruviaro, Rog\u00e9rio Tavares Constante y Marc\u00edlio Onofre. Lunes 28 de noviembre a las 17:00 horas en el Estudio A&hellip;<\/p>\n","protected":false},"author":6,"featured_media":10668,"comment_status":"open","ping_status":"open","sticky":false,"template":"","format":"standard","meta":{"wp_popup_display_lightbox":0,"wp_popup_suppress":"","wp_popup_trigger":"","wp_popup_trigger_amount":0,"wp_popup_disable_on_mobile":false,"footnotes":""},"categories":[20,5,9],"tags":[],"class_list":["post-10667","post","type-post","status-publish","format-standard","has-post-thumbnail","hentry","category-noticias","category-opus-94","category-sesiones-opus","category-20","category-5","category-9","description-off"],"_links":{"self":[{"href":"https:\/\/www.imer.mx\/opus\/wp-json\/wp\/v2\/posts\/10667","targetHints":{"allow":["GET"]}}],"collection":[{"href":"https:\/\/www.imer.mx\/opus\/wp-json\/wp\/v2\/posts"}],"about":[{"href":"https:\/\/www.imer.mx\/opus\/wp-json\/wp\/v2\/types\/post"}],"author":[{"embeddable":true,"href":"https:\/\/www.imer.mx\/opus\/wp-json\/wp\/v2\/users\/6"}],"replies":[{"embeddable":true,"href":"https:\/\/www.imer.mx\/opus\/wp-json\/wp\/v2\/comments?post=10667"}],"version-history":[{"count":0,"href":"https:\/\/www.imer.mx\/opus\/wp-json\/wp\/v2\/posts\/10667\/revisions"}],"wp:featuredmedia":[{"embeddable":true,"href":"https:\/\/www.imer.mx\/opus\/wp-json\/wp\/v2\/media\/10668"}],"wp:attachment":[{"href":"https:\/\/www.imer.mx\/opus\/wp-json\/wp\/v2\/media?parent=10667"}],"wp:term":[{"taxonomy":"category","embeddable":true,"href":"https:\/\/www.imer.mx\/opus\/wp-json\/wp\/v2\/categories?post=10667"},{"taxonomy":"post_tag","embeddable":true,"href":"https:\/\/www.imer.mx\/opus\/wp-json\/wp\/v2\/tags?post=10667"}],"curies":[{"name":"wp","href":"https:\/\/api.w.org\/{rel}","templated":true}]}}