{"id":10129,"date":"2016-08-16T14:11:40","date_gmt":"2016-08-16T19:11:40","guid":{"rendered":"http:\/\/www.imer.mx\/opus\/?p=10129"},"modified":"2016-08-19T17:18:44","modified_gmt":"2016-08-19T22:18:44","slug":"conciertos-radiofonicos-lunes-22-de-agosto","status":"publish","type":"post","link":"https:\/\/www.imer.mx\/opus\/conciertos-radiofonicos-lunes-22-de-agosto\/","title":{"rendered":"Conciertos Radiof\u00f3nicos &#8211; Lunes 22 de agosto"},"content":{"rendered":"<p><strong><em>Conciertos Radiof\u00f3nicos<\/em><\/strong> contin\u00faa en el mes de agosto con la presentaci\u00f3n del recital titulado <strong><em>Obras Maestras para piano del Clasicismo vien\u00e9s y del Nacionalismo espa\u00f1ol, <\/em><\/strong><em>A 260 a\u00f1os del natalicio de Wolfgang Amadeus Mozart y 100 a\u00f1os del fallecimiento de Enrique Granados. <\/em>Con el pianista <strong>Armando Merino.<\/strong><\/p>\n<p>Lunes<strong> 22 de agosto<\/strong> a las 17:00 horas en el <strong>Estudio A <\/strong>del IMER, calle Mayorazgo no.83 col. Xoco.\u00a0 Confirme su asistencia a los tel\u00e9fonos\u00a0<strong>5628-1717 y 5604-8124, <\/strong>o bien esc\u00fachenos en vivo por el <strong>\u00a094.5 de FM.<\/strong><\/p>\n<p><strong>Entrada libre. Cupo limitado.<\/strong><\/p>\n<p><strong><u>Atento aviso<\/u><\/strong>: <strong>No se permitir\u00e1 el acceso con <u>mochilas, bultos, botellas de agua<\/u> o con ni\u00f1os menores de 8 a\u00f1os. Una vez iniciado el concierto no se permitir\u00e1 la entrada hasta la primera pausa. <\/strong><strong>Gracias por su comprensi\u00f3n.<\/strong><\/p>\n<p><strong>Programa:<\/strong><\/p>\n<p><strong>Wolfgang Amadeus Mozart <\/strong>(Austria, 1756-1791)<\/p>\n<p>Diez variaciones en sol mayor KV 455<\/p>\n<p>sobre <em>Unser dummer p\u00f6bel meint<\/em><\/p>\n<p>&nbsp;<\/p>\n<p>Sonata en la menor KV 310<\/p>\n<p><em>Allegro maestoso<\/em><\/p>\n<p><em>Andante cant\u00e1bile con esspresione<\/em><\/p>\n<p><em>Presto<\/em><\/p>\n<p>&nbsp;<\/p>\n<p>Intermedio<\/p>\n<p>&nbsp;<\/p>\n<p><strong>Isaac Alb\u00e9niz<\/strong> (Espa\u00f1a, 1860-1909)<\/p>\n<p><em>Azulejos <\/em><\/p>\n<p>&nbsp;<\/p>\n<p><strong>Enrique Granados<\/strong> (Espa\u00f1a, 1867-1916)<\/p>\n<p>Dos goyescas<\/p>\n<p><em>Los requiebros<\/em><\/p>\n<p><em>\u00a0\u00a0 La maja y el ruise\u00f1or<\/em><\/p>\n<p>&nbsp;<\/p>\n<p><em>El pelele<\/em><\/p>\n<p>&nbsp;<\/p>\n","protected":false},"excerpt":{"rendered":"<p>Conciertos Radiof\u00f3nicos contin\u00faa en el mes de agosto con la presentaci\u00f3n del recital titulado Obras Maestras para piano del Clasicismo vien\u00e9s y del Nacionalismo espa\u00f1ol, A 260 a\u00f1os del natalicio de Wolfgang Amadeus Mozart y 100 a\u00f1os del fallecimiento de Enrique Granados. Con el pianista Armando Merino. Lunes 22 de agosto a las 17:00 horas&hellip;<\/p>\n","protected":false},"author":6,"featured_media":10130,"comment_status":"closed","ping_status":"closed","sticky":false,"template":"","format":"standard","meta":{"wp_popup_display_lightbox":0,"wp_popup_suppress":"","wp_popup_trigger":"","wp_popup_trigger_amount":0,"wp_popup_disable_on_mobile":false,"footnotes":""},"categories":[20,5,9],"tags":[],"class_list":["post-10129","post","type-post","status-publish","format-standard","has-post-thumbnail","hentry","category-noticias","category-opus-94","category-sesiones-opus","category-20","category-5","category-9","description-off"],"_links":{"self":[{"href":"https:\/\/www.imer.mx\/opus\/wp-json\/wp\/v2\/posts\/10129","targetHints":{"allow":["GET"]}}],"collection":[{"href":"https:\/\/www.imer.mx\/opus\/wp-json\/wp\/v2\/posts"}],"about":[{"href":"https:\/\/www.imer.mx\/opus\/wp-json\/wp\/v2\/types\/post"}],"author":[{"embeddable":true,"href":"https:\/\/www.imer.mx\/opus\/wp-json\/wp\/v2\/users\/6"}],"replies":[{"embeddable":true,"href":"https:\/\/www.imer.mx\/opus\/wp-json\/wp\/v2\/comments?post=10129"}],"version-history":[{"count":0,"href":"https:\/\/www.imer.mx\/opus\/wp-json\/wp\/v2\/posts\/10129\/revisions"}],"wp:featuredmedia":[{"embeddable":true,"href":"https:\/\/www.imer.mx\/opus\/wp-json\/wp\/v2\/media\/10130"}],"wp:attachment":[{"href":"https:\/\/www.imer.mx\/opus\/wp-json\/wp\/v2\/media?parent=10129"}],"wp:term":[{"taxonomy":"category","embeddable":true,"href":"https:\/\/www.imer.mx\/opus\/wp-json\/wp\/v2\/categories?post=10129"},{"taxonomy":"post_tag","embeddable":true,"href":"https:\/\/www.imer.mx\/opus\/wp-json\/wp\/v2\/tags?post=10129"}],"curies":[{"name":"wp","href":"https:\/\/api.w.org\/{rel}","templated":true}]}}