{"id":27517,"date":"2018-10-19T17:57:43","date_gmt":"2018-10-19T22:57:43","guid":{"rendered":"https:\/\/www.imer.mx\/micrositios\/?p=27517"},"modified":"2018-12-14T15:17:48","modified_gmt":"2018-12-14T21:17:48","slug":"lanzamiento-del-album-vs-de-pearl-jam","status":"publish","type":"post","link":"https:\/\/www.imer.mx\/micrositios\/lanzamiento-del-album-vs-de-pearl-jam\/","title":{"rendered":"Lanzamiento del \u00e1lbum \u201cVs.\u201d De Pearl Jam"},"content":{"rendered":"<p><strong>19 de octubre 1993:<\/strong><\/p>\n<p><strong><em>Vs.<\/em><\/strong>\u00a0es el nombre del segundo\u00a0\u00e1lbum\u00a0de la banda\u00a0estadounidense\u00a0Pearl Jam, grabado en marzo de 1993 y lanzado ese mismo a\u00f1o.\u00a0\u201cVs.\u201d\u00a0tambi\u00e9n fue el primer \u00e1lbum producido por\u00a0Brendan O&#8217;Brien, quien se convertir\u00eda en productor de cabecera durante varios \u00e1lbumes m\u00e1s.<\/p>\n<p>Este \u00e1lbum tiene un sonido mucho m\u00e1s crudo y quiz\u00e1 con menos cohesi\u00f3n comparado con su predecesor\u00a0<em>\u201cTen\u201d<\/em>. A pesar de esto se ha convirti\u00f3 en uno de los \u00e1lbumes fundamentales del grupo.<\/p>\n<p>Bajo la premisa de sacudir un importante golpe a la gente que buscaba otros intereses de los integrantes de la banda que no fuera la m\u00fasica y como una atenci\u00f3n a sus fans, naci\u00f3\u00a0\u201c<strong>Vs.\u201d<\/strong>.<\/p>\n<p>Desde la misma portada se puede apreciar c\u00f3mo se sent\u00eda la banda en ese momento: como animales enjaulados dispuestos a romper esa jaula y armar mucho ruido. Esa rabia y furia se hace palpable desde el primer segundo, cuando suena \u201cGo\u201d y se oye esas caracter\u00edsticas Jams de puro Rock, pero destilando una mayor suciedad en su sonido. Pearl Jam estaban deseando hacer ruido, y vayan si lo hicieron, pero de forma muy deleitosa.<\/p>\n<p>Aunque despu\u00e9s suena \u201cAnimal\u201d, otro corte de mucha fuerza y contundencia, no todo en este trabajo es rock basto y furioso. Tambi\u00e9n est\u00e1 una de las piezas m\u00e1s delicadas y m\u00e1s bellas de Pearl Jam, \u201cDaughter\u201d. Es esa balada que se podr\u00eda escuchar millones de veces pero que no deja de maravillar, porque la interpretaci\u00f3n de Eddie Vedder a la voz, sin menospreciar el estupendo trabajo instrumental de la formaci\u00f3n r\u00edtmica, es la definici\u00f3n sonora del amor.<\/p>\n<p>El recrudecimiento de su f\u00f3rmula bien vino propiciado por el fichaje de su nuevo productor, Brendan O\u2019Brien, quien supo aprovechar este descontento por el que se encontraba la banda en beneficio de esta. Supo manejar este sonido para evidenciar el tema central del \u00e1lbum, que no es otro que el descontento y el conflicto, tanto por el color de la piel (\u201cW.M.A.\u201d), como de la incohesi\u00f3n y desorden del ser humano (\u201cRats\u201d).<\/p>\n<p>El conjunto cuenta con la mayor parte de la solidez con la que contaba Ten, pero el grupo se permite darse m\u00e1s rienda suelta, dejando que la coherencia disminuya pero sin perder ni un \u00e1pice de calidad. As\u00ed seguimos encontrando canciones espectaculares como \u201cBlood\u201d, con una aut\u00e9ntica exhibici\u00f3n de Vedder con el micro, desga\u00f1it\u00e1ndose como si le fuera la vida en ello, y la sobresaliente \u201cRearviewmirror\u201d, la cual se entiende porque es una de las mejores canciones del conjunto con solo escuchar ese extraordinario riff de guitarra, Vedder aflorando sus ansias de libertad y rebeld\u00eda ante la figura autoritaria en las letras, que vuelve a cantar estupendamente, como en todo el conjunto.<\/p>\n<p>Haciendo menci\u00f3n a ese magn\u00edfico \u00e1lbum, tenemos el cierre tan bien ejecutado por la banda con \u201cLeash\u201d y sobre todo, \u201cIndifference\u201d, que contrasta fuertemente con el conjunto potente y sucio ofreciendo la cara m\u00e1s pausada y experimental de la banda con un resultado impecable. Aunque para Pearl Jam parezca que el \u00e9xito les lleg\u00f3 de manera temprana, este sin duda estaba justificado, ya que se trata de un grupo fuera de lo com\u00fan y con mucha ambici\u00f3n. Adem\u00e1s de contar con una solidez y madurez impropias de una banda tan joven.<\/p>\n<p>&nbsp;<\/p>\n","protected":false},"excerpt":{"rendered":"<p>9 de octubre 1993:<\/p>\n<p>Vs.\u00a0es el nombre del segundo\u00a0\u00e1lbum\u00a0de la banda\u00a0estadounidense\u00a0Pearl Jam, grabado en marzo de 1993 y lanzado ese mismo a\u00f1o.\u00a0\u201cVs.\u201d\u00a0tambi\u00e9n fue el primer \u00e1lbum producido por\u00a0Brendan O&#8217;Brien, quien se convertir\u00eda en productor de cabecera durante varios \u00e1lbumes m\u00e1s.<\/p>\n","protected":false},"author":141,"featured_media":27518,"comment_status":"closed","ping_status":"open","sticky":false,"template":"","format":"standard","meta":{"wp_popup_display_lightbox":0,"wp_popup_suppress":"","wp_popup_trigger":"","wp_popup_trigger_amount":0,"wp_popup_disable_on_mobile":false,"footnotes":""},"categories":[190],"tags":[],"class_list":["post-27517","post","type-post","status-publish","format-standard","has-post-thumbnail","hentry","category-momentos-musica","category-190","description-off"],"_links":{"self":[{"href":"https:\/\/www.imer.mx\/micrositios\/wp-json\/wp\/v2\/posts\/27517","targetHints":{"allow":["GET"]}}],"collection":[{"href":"https:\/\/www.imer.mx\/micrositios\/wp-json\/wp\/v2\/posts"}],"about":[{"href":"https:\/\/www.imer.mx\/micrositios\/wp-json\/wp\/v2\/types\/post"}],"author":[{"embeddable":true,"href":"https:\/\/www.imer.mx\/micrositios\/wp-json\/wp\/v2\/users\/141"}],"replies":[{"embeddable":true,"href":"https:\/\/www.imer.mx\/micrositios\/wp-json\/wp\/v2\/comments?post=27517"}],"version-history":[{"count":0,"href":"https:\/\/www.imer.mx\/micrositios\/wp-json\/wp\/v2\/posts\/27517\/revisions"}],"wp:featuredmedia":[{"embeddable":true,"href":"https:\/\/www.imer.mx\/micrositios\/wp-json\/wp\/v2\/media\/27518"}],"wp:attachment":[{"href":"https:\/\/www.imer.mx\/micrositios\/wp-json\/wp\/v2\/media?parent=27517"}],"wp:term":[{"taxonomy":"category","embeddable":true,"href":"https:\/\/www.imer.mx\/micrositios\/wp-json\/wp\/v2\/categories?post=27517"},{"taxonomy":"post_tag","embeddable":true,"href":"https:\/\/www.imer.mx\/micrositios\/wp-json\/wp\/v2\/tags?post=27517"}],"curies":[{"name":"wp","href":"https:\/\/api.w.org\/{rel}","templated":true}]}}