{"id":26379,"date":"2018-08-17T22:38:36","date_gmt":"2018-08-18T03:38:36","guid":{"rendered":"https:\/\/www.imer.mx\/micrositios\/?p=26379"},"modified":"2018-12-14T15:18:02","modified_gmt":"2018-12-14T21:18:02","slug":"dia-internacional-de-la-fotografia","status":"publish","type":"post","link":"https:\/\/www.imer.mx\/micrositios\/dia-internacional-de-la-fotografia\/","title":{"rendered":"D\u00eda internacional de la fotograf\u00eda"},"content":{"rendered":"<p>Empecemos por conocer un poco la historia de la primera fotograf\u00eda; la realiz\u00f3 Joseph Nic\u00e9phore Ni\u00e9pce, lograda con una placa recubierta de plata en 1826, la llam\u00f3 Vista desde la ventana en Le Gras. Ni\u00e9pce falleci\u00f3 en 1833 sin que su creaci\u00f3n fuera divulgada, por lo que su socio comercial \u2013 Louis Daguerre\u2013 aprovech\u00f3 la necesidad econ\u00f3mica del hijo de Ni\u00e9pce para comprar el invento y venderlo con su nombre.<\/p>\n<p>El antecedente m\u00e1s antiguo que se tiene registrado es la c\u00e1mara oscura que implement\u00f3 el imperio chino hace 2 mil 500 a\u00f1os, popularizada en el siglo XVI.<\/p>\n<p>La fotograf\u00eda consiste b\u00e1sicamente en una forma de captar un instante \u00fanico e irrepetible en el tiempo; y celebrando su d\u00eda internacional, mencionaremos el trabajo del gran fot\u00f3grafo Bob Gruen.<\/p>\n<p>Luego de que su madre le comprara su primera c\u00e1mara siendo un ni\u00f1o, se convirti\u00f3 en el fot\u00f3grafo oficial de su familia. As\u00ed aprendi\u00f3 a capturar los momentos m\u00e1s hermosos e interesantes.<\/p>\n<p>Desde que se dedic\u00f3 por completo a la fotograf\u00eda, comenz\u00f3 a conseguir trabajos cada vez m\u00e1s trascendentes. Se fue de gira con Led Zeppelin, Sex Pistols, Queen y los Rolling Stones. Los m\u00fasicos se sent\u00edan c\u00f3modos con \u00e9l ya que su empleo era tambi\u00e9n una pasi\u00f3n. No los fastidiaba, no los hac\u00eda posar para fotos artificiales; solo esperaba por el momento adecuado para accionar el obturador de su c\u00e1mara.<\/p>\n<p>Es dif\u00edcil imaginar a un fot\u00f3grafo de celebridades que sea capaz de retratar sus momentos m\u00e1s \u00edntimos e ic\u00f3nicos de manera que queden guardados para la posteridad y que los artistas queden satisfechos con sus im\u00e1genes.<\/p>\n<p>Bob Gruen ha logrado esta haza\u00f1a varias veces en su vida con una cantidad innumerable de bandas y artistas reconocidos.<\/p>\n<p>Su larga amistad con John Lennon y Yoko Ono le permiti\u00f3 capturar gran parte de la vida de la pareja, a\u00f1os antes del tr\u00e1gico asesinato del m\u00fasico. Durante ese tiempo tom\u00f3 sus fotos m\u00e1s famosas, las cuales se convirtieron en joyas inmortales de la cultura popular universal.<\/p>\n","protected":false},"excerpt":{"rendered":"<p>Empecemos por conocer un poco la historia de la primera fotograf\u00eda; la realiz\u00f3 Joseph Nic\u00e9phore Ni\u00e9pce, lograda con una placa recubierta de plata en 1826, la llam\u00f3 Vista desde la ventana en Le Gras.<\/p>\n","protected":false},"author":141,"featured_media":26386,"comment_status":"closed","ping_status":"open","sticky":false,"template":"","format":"standard","meta":{"wp_popup_display_lightbox":0,"wp_popup_suppress":"","wp_popup_trigger":"","wp_popup_trigger_amount":0,"wp_popup_disable_on_mobile":false,"footnotes":""},"categories":[190],"tags":[],"class_list":["post-26379","post","type-post","status-publish","format-standard","has-post-thumbnail","hentry","category-momentos-musica","category-190","description-off"],"_links":{"self":[{"href":"https:\/\/www.imer.mx\/micrositios\/wp-json\/wp\/v2\/posts\/26379","targetHints":{"allow":["GET"]}}],"collection":[{"href":"https:\/\/www.imer.mx\/micrositios\/wp-json\/wp\/v2\/posts"}],"about":[{"href":"https:\/\/www.imer.mx\/micrositios\/wp-json\/wp\/v2\/types\/post"}],"author":[{"embeddable":true,"href":"https:\/\/www.imer.mx\/micrositios\/wp-json\/wp\/v2\/users\/141"}],"replies":[{"embeddable":true,"href":"https:\/\/www.imer.mx\/micrositios\/wp-json\/wp\/v2\/comments?post=26379"}],"version-history":[{"count":0,"href":"https:\/\/www.imer.mx\/micrositios\/wp-json\/wp\/v2\/posts\/26379\/revisions"}],"wp:featuredmedia":[{"embeddable":true,"href":"https:\/\/www.imer.mx\/micrositios\/wp-json\/wp\/v2\/media\/26386"}],"wp:attachment":[{"href":"https:\/\/www.imer.mx\/micrositios\/wp-json\/wp\/v2\/media?parent=26379"}],"wp:term":[{"taxonomy":"category","embeddable":true,"href":"https:\/\/www.imer.mx\/micrositios\/wp-json\/wp\/v2\/categories?post=26379"},{"taxonomy":"post_tag","embeddable":true,"href":"https:\/\/www.imer.mx\/micrositios\/wp-json\/wp\/v2\/tags?post=26379"}],"curies":[{"name":"wp","href":"https:\/\/api.w.org\/{rel}","templated":true}]}}