{"id":26290,"date":"2018-08-07T17:42:01","date_gmt":"2018-08-07T22:42:01","guid":{"rendered":"https:\/\/www.imer.mx\/micrositios\/?p=26290"},"modified":"2018-12-14T15:18:05","modified_gmt":"2018-12-14T21:18:05","slug":"el-pianista-thelonious-monk-graba-el-disco-en-vivo-live-at-the-five-spot","status":"publish","type":"post","link":"https:\/\/www.imer.mx\/micrositios\/el-pianista-thelonious-monk-graba-el-disco-en-vivo-live-at-the-five-spot\/","title":{"rendered":"El pianista Thelonious Monk graba el disco en vivo Live at the Five Spot"},"content":{"rendered":"<p>El 7 de agosto de 1958, se graba el disco en vivo \u201cLive at the Five Spot\u201d del pianista Thelonious Monk, con la participaci\u00f3n de John Coltrane. Su amistad dio lugar a una de las uniones m\u00e1s ic\u00f3nicas de la historia del jazz, representada con el \u00e1lbum grabado en The Five Spot Caf\u00e9, en Nueva York, junto al tr\u00edo de Monk (Ahmed Abdul- Mailk en el bajo y Roy Haynes en la bater\u00eda).<\/p>\n<p>El mito urbano alrededor de esta grabaci\u00f3n, sugiere que fue Naima Coltrane (alias la Sra. Coltrane), quien grab\u00f3 la sesi\u00f3n, y ya que no se realiz\u00f3 de forma profesional, se percibe la crudeza del sonido en esta cinta grabada desde la audiencia, lo que revela con precisi\u00f3n la realidad de experimentar una actuaci\u00f3n durante los mejores tiempos del Five Spot.<\/p>\n<p>Si bien el sonido en esta grabaci\u00f3n es algo desfavorable para Coltrane, no hay duda de la intensa actividad de su saxo tenor. Su solo en &#8220;I Mean You&#8221; es particularmente potente, ya que de alguna manera encuentra el espacio para incorporar una o dos l\u00edneas bien situadas del tema de un popular programa.<\/p>\n<p>Sin embargo, en este trabajo espor\u00e1dico se puede descubrir la evidencia auditiva \u00fanica que compartieron estos dos \u00edconos<\/p>\n","protected":false},"excerpt":{"rendered":"<p>El 7 de agosto de 1958, se graba el disco en vivo \u201cLive at the Five Spot\u201d del pianista Thelonious Monk, con la participaci\u00f3n de John Coltrane. <\/p>\n","protected":false},"author":141,"featured_media":26291,"comment_status":"closed","ping_status":"open","sticky":false,"template":"","format":"standard","meta":{"wp_popup_display_lightbox":0,"wp_popup_suppress":"","wp_popup_trigger":"","wp_popup_trigger_amount":0,"wp_popup_disable_on_mobile":false,"footnotes":""},"categories":[190],"tags":[],"class_list":["post-26290","post","type-post","status-publish","format-standard","has-post-thumbnail","hentry","category-momentos-musica","category-190","description-off"],"_links":{"self":[{"href":"https:\/\/www.imer.mx\/micrositios\/wp-json\/wp\/v2\/posts\/26290","targetHints":{"allow":["GET"]}}],"collection":[{"href":"https:\/\/www.imer.mx\/micrositios\/wp-json\/wp\/v2\/posts"}],"about":[{"href":"https:\/\/www.imer.mx\/micrositios\/wp-json\/wp\/v2\/types\/post"}],"author":[{"embeddable":true,"href":"https:\/\/www.imer.mx\/micrositios\/wp-json\/wp\/v2\/users\/141"}],"replies":[{"embeddable":true,"href":"https:\/\/www.imer.mx\/micrositios\/wp-json\/wp\/v2\/comments?post=26290"}],"version-history":[{"count":0,"href":"https:\/\/www.imer.mx\/micrositios\/wp-json\/wp\/v2\/posts\/26290\/revisions"}],"wp:featuredmedia":[{"embeddable":true,"href":"https:\/\/www.imer.mx\/micrositios\/wp-json\/wp\/v2\/media\/26291"}],"wp:attachment":[{"href":"https:\/\/www.imer.mx\/micrositios\/wp-json\/wp\/v2\/media?parent=26290"}],"wp:term":[{"taxonomy":"category","embeddable":true,"href":"https:\/\/www.imer.mx\/micrositios\/wp-json\/wp\/v2\/categories?post=26290"},{"taxonomy":"post_tag","embeddable":true,"href":"https:\/\/www.imer.mx\/micrositios\/wp-json\/wp\/v2\/tags?post=26290"}],"curies":[{"name":"wp","href":"https:\/\/api.w.org\/{rel}","templated":true}]}}