{"id":26285,"date":"2018-08-05T12:00:25","date_gmt":"2018-08-05T17:00:25","guid":{"rendered":"https:\/\/www.imer.mx\/micrositios\/?p=26285"},"modified":"2018-12-14T15:18:05","modified_gmt":"2018-12-14T21:18:05","slug":"se-lanza-el-primer-album-de-pink-floyd-the-pipers-at-the-gates-of-down","status":"publish","type":"post","link":"https:\/\/www.imer.mx\/micrositios\/se-lanza-el-primer-album-de-pink-floyd-the-pipers-at-the-gates-of-down\/","title":{"rendered":"Lanzamiento del primer \u00e1lbum de Pink Floyd, &#8220;The Pipers at the Gates of Down&#8221;"},"content":{"rendered":"<p class=\"p3\"><span class=\"s1\">El 5 de agosto de 1967,<span class=\"Apple-converted-space\">\u00a0<\/span>tras dos a\u00f1os de la integraci\u00f3n del grupo Pink Floyd, se lanza su primer \u00e1lbum de nombre \u201cThe Pipers at the Gates of Down\u201d. Este \u00e1lbum vino a revolucionar el sonido de la \u00e9poca, muchos cr\u00edticos dijeron que sobrepas\u00f3 incluso al &#8220;Sgt. Pepper&#8221; de The Beatles, con el grado de psicodelia que presentaba.<\/span><\/p>\n<p class=\"p3\"><span class=\"s1\">De este disco se puede reconocer temas como &#8220;Matilda Mother&#8221;, &#8220;Astronomy Domine&#8221; o como &#8220;Interestellar Overdrive&#8221;. Syd Barrett en una nota, contaba que el disco estaba inspirado en el libro \u201cEl Viento en los Sauces\u201d una novela escrita por Kenneth Grahame publicada en 1908, un cl\u00e1sico de la literatura infantil inglesa; el nombre del s\u00e9ptimo cap\u00edtulo del libro lleva el mismo nombre que el \u00e1lbum.<\/span><\/p>\n","protected":false},"excerpt":{"rendered":"<p>El 5 de agosto de 1967,\u00a0tras dos a\u00f1os de la integraci\u00f3n del grupo Pink Floyd, se lanza su primer \u00e1lbum de nombre \u201cThe Pipers at the Gates of Down\u201d. <\/p>\n","protected":false},"author":1,"featured_media":26284,"comment_status":"closed","ping_status":"closed","sticky":false,"template":"","format":"standard","meta":{"wp_popup_display_lightbox":0,"wp_popup_suppress":"","wp_popup_trigger":"","wp_popup_trigger_amount":0,"wp_popup_disable_on_mobile":false,"footnotes":""},"categories":[190],"tags":[],"class_list":["post-26285","post","type-post","status-publish","format-standard","has-post-thumbnail","hentry","category-momentos-musica","category-190","description-off"],"_links":{"self":[{"href":"https:\/\/www.imer.mx\/micrositios\/wp-json\/wp\/v2\/posts\/26285","targetHints":{"allow":["GET"]}}],"collection":[{"href":"https:\/\/www.imer.mx\/micrositios\/wp-json\/wp\/v2\/posts"}],"about":[{"href":"https:\/\/www.imer.mx\/micrositios\/wp-json\/wp\/v2\/types\/post"}],"author":[{"embeddable":true,"href":"https:\/\/www.imer.mx\/micrositios\/wp-json\/wp\/v2\/users\/1"}],"replies":[{"embeddable":true,"href":"https:\/\/www.imer.mx\/micrositios\/wp-json\/wp\/v2\/comments?post=26285"}],"version-history":[{"count":0,"href":"https:\/\/www.imer.mx\/micrositios\/wp-json\/wp\/v2\/posts\/26285\/revisions"}],"wp:featuredmedia":[{"embeddable":true,"href":"https:\/\/www.imer.mx\/micrositios\/wp-json\/wp\/v2\/media\/26284"}],"wp:attachment":[{"href":"https:\/\/www.imer.mx\/micrositios\/wp-json\/wp\/v2\/media?parent=26285"}],"wp:term":[{"taxonomy":"category","embeddable":true,"href":"https:\/\/www.imer.mx\/micrositios\/wp-json\/wp\/v2\/categories?post=26285"},{"taxonomy":"post_tag","embeddable":true,"href":"https:\/\/www.imer.mx\/micrositios\/wp-json\/wp\/v2\/tags?post=26285"}],"curies":[{"name":"wp","href":"https:\/\/api.w.org\/{rel}","templated":true}]}}