{"id":1357,"date":"2017-11-07T14:09:38","date_gmt":"2017-11-07T20:09:38","guid":{"rendered":"http:\/\/www.imer.mx\/lapopular\/?p=1357"},"modified":"2017-11-07T14:10:38","modified_gmt":"2017-11-07T20:10:38","slug":"abriendo-caminos-el-cultivo-del-aguacate-hass","status":"publish","type":"post","link":"https:\/\/www.imer.mx\/lapopular\/abriendo-caminos-el-cultivo-del-aguacate-hass\/","title":{"rendered":"&#8220;Abriendo caminos&#8221; El cultivo del Aguacate hass"},"content":{"rendered":"<p>&nbsp;<\/p>\n<p><a class=\"dt-pswp-item\" href=\"https:\/\/www.imer.mx\/lapopular\/wp-content\/uploads\/sites\/27\/IMG-20171107-WA0003-2.jpg\"><img loading=\"lazy\" decoding=\"async\" class=\"alignleft size-medium wp-image-1359\" src=\"https:\/\/www.imer.mx\/lapopular\/wp-content\/uploads\/sites\/27\/IMG-20171107-WA0003-2-214x300.jpg\" alt=\"\" width=\"214\" height=\"300\" srcset=\"https:\/\/www.imer.mx\/lapopular\/wp-content\/uploads\/sites\/27\/IMG-20171107-WA0003-2-214x300.jpg 214w, https:\/\/www.imer.mx\/lapopular\/wp-content\/uploads\/sites\/27\/IMG-20171107-WA0003-2.jpg 720w\" sizes=\"auto, (max-width: 214px) 100vw, 214px\" \/><\/a><\/p>\n<p>&nbsp;<\/p>\n<p>&nbsp;<\/p>\n<p>&nbsp;<\/p>\n<p>&nbsp;<\/p>\n<p>&nbsp;<\/p>\n<p>&nbsp;<\/p>\n<p>&nbsp;<\/p>\n<p>&nbsp;<\/p>\n<p>&nbsp;<\/p>\n<p>&nbsp;<\/p>\n<p>Invitado. Humberto Rios C\u00f3rdova, productor de caf\u00e9 en el municipio de Uni\u00f3n Ju\u00e1rez.<\/p>\n<p>&nbsp;<\/p>\n<p>De acuerdo a la Secretaria\u00a0 de Agricultura, Ganader\u00eda, Desarrollo Rural , Pesca y Alimentaci\u00f3n (SAGARPA) a mayo de 2017,en M\u00e9xico se obtuvo una producci\u00f3n de aguacate superior a 760 mil toneladas, 10.3% m\u00e1s que la obtenida al mismo mes del a\u00f1o anterior, debido a incrementos en la superficie sembrada y cosechada a esa fecha.<\/p>\n<p>Las condiciones clim\u00e1ticas y el tipo de suelo que se encuentra en la reserva del Volc\u00e1n Tacana, son parte fundamental para la producci\u00f3n de aguacate hass y algunas variedades criollas propias de la regi\u00f3n.<\/p>\n<p>Humberto Rios C\u00f3rdova, productor de caf\u00e9 en el Municipio de Uni\u00f3n Ju\u00e1rez, impulsa desde hace cuatro a\u00f1os la reconversi\u00f3n de cultivos con el aguacate hass.<\/p>\n\n\t\t\t<style type='text\/css'>\n\t\t\t\t#gallery-1 {\n\t\t\t\t\tmargin: auto;\n\t\t\t\t}\n\t\t\t\t#gallery-1 .gallery-item {\n\t\t\t\t\tfloat: left;\n\t\t\t\t\tmargin-top: 10px;\n\t\t\t\t\ttext-align: center;\n\t\t\t\t\twidth: 33%;\n\t\t\t\t}\n\t\t\t\t#gallery-1 img {\n\t\t\t\t\tborder: 2px solid #cfcfcf;\n\t\t\t\t}\n\t\t\t\t#gallery-1 .gallery-caption {\n\t\t\t\t\tmargin-left: 0;\n\t\t\t\t}\n\t\t\t\t\/* see gallery_shortcode() in wp-includes\/media.php *\/\n\t\t\t<\/style>\n\t\t<div id='gallery-1' class='dt-gallery-container gallery galleryid-1357 gallery-columns-3 gallery-size-thumbnail'><dl class='gallery-item'>\n\t\t\t\t<dt class='gallery-icon landscape'>\n\t\t\t\t\t<a class=\"rollover\" href='https:\/\/www.imer.mx\/lapopular\/abriendo-caminos-el-cultivo-del-aguacate-hass\/avocado\/'><img loading=\"lazy\" decoding=\"async\" width=\"150\" height=\"150\" src=\"https:\/\/www.imer.mx\/lapopular\/wp-content\/uploads\/sites\/27\/AGUACATE-HASS-150x150.jpg\" class=\"attachment-thumbnail size-thumbnail\" alt=\"\" \/><\/a>\n\t\t\t\t<\/dt><\/dl>\n\t\t\t\t<br style='clear: both' \/>\n\t\t\t<\/div>\n\n<p>&nbsp;<\/p>\n<p>&nbsp;<\/p>\n<p>&nbsp;<\/p>\n<p>&nbsp;<\/p>\n<div class=\"wp-playlist wp-audio-playlist wp-playlist-light\">\n\t\t\t<div class=\"wp-playlist-current-item\"><\/div>\n\t\t<audio controls=\"controls\" preload=\"none\" width=\"1178\"\n\t\t\t><\/audio>\n\t<div class=\"wp-playlist-next\"><\/div>\n\t<div class=\"wp-playlist-prev\"><\/div>\n\t<noscript>\n\t<ol>\n\t\t<li><a href='https:\/\/www.imer.mx\/lapopular\/wp-content\/uploads\/sites\/27\/PROYECTO-DE-AGUACATE-HASS.mp3'>PROYECTO DE AGUACATE HASS<\/a><\/li><li><a href='https:\/\/www.imer.mx\/lapopular\/wp-content\/uploads\/sites\/27\/CLIMA-Y-SUELO-PARA-EL-CULTIVO-DE-AGUACATE-HASS.mp3'>CLIMA Y SUELO PARA EL CULTIVO DE AGUACATE HASS<\/a><\/li><li><a href='https:\/\/www.imer.mx\/lapopular\/wp-content\/uploads\/sites\/27\/VARIEADADES-DE-AGUACATE.mp3'>VARIEADADES DE AGUACATE<\/a><\/li>\t<\/ol>\n\t<\/noscript>\n\t<script type=\"application\/json\" class=\"wp-playlist-script\">{\"type\":\"audio\",\"tracklist\":true,\"tracknumbers\":true,\"images\":true,\"artists\":true,\"tracks\":[{\"src\":\"https:\/\/www.imer.mx\/lapopular\/wp-content\/uploads\/sites\/27\/PROYECTO-DE-AGUACATE-HASS.mp3\",\"type\":\"audio\/mpeg\",\"title\":\"PROYECTO DE AGUACATE HASS\",\"caption\":\"\",\"description\":\"\\\"PROYECTO DE AGUACATE HASS\\\". Lanzamiento: 2017.\",\"meta\":{\"year\":\"2017\",\"length_formatted\":\"1:24\"},\"image\":{\"src\":\"https:\/\/www.imer.mx\/lapopular\/wp-includes\/images\/media\/audio.svg\",\"width\":48,\"height\":64},\"thumb\":{\"src\":\"https:\/\/www.imer.mx\/lapopular\/wp-includes\/images\/media\/audio.svg\",\"width\":48,\"height\":64}},{\"src\":\"https:\/\/www.imer.mx\/lapopular\/wp-content\/uploads\/sites\/27\/CLIMA-Y-SUELO-PARA-EL-CULTIVO-DE-AGUACATE-HASS.mp3\",\"type\":\"audio\/mpeg\",\"title\":\"CLIMA Y SUELO PARA EL CULTIVO DE AGUACATE HASS\",\"caption\":\"\",\"description\":\"\\\"CLIMA Y SUELO PARA EL CULTIVO DE AGUACATE HASS\\\". Lanzamiento: 2017.\",\"meta\":{\"year\":\"2017\",\"length_formatted\":\"1:38\"},\"image\":{\"src\":\"https:\/\/www.imer.mx\/lapopular\/wp-includes\/images\/media\/audio.svg\",\"width\":48,\"height\":64},\"thumb\":{\"src\":\"https:\/\/www.imer.mx\/lapopular\/wp-includes\/images\/media\/audio.svg\",\"width\":48,\"height\":64}},{\"src\":\"https:\/\/www.imer.mx\/lapopular\/wp-content\/uploads\/sites\/27\/VARIEADADES-DE-AGUACATE.mp3\",\"type\":\"audio\/mpeg\",\"title\":\"VARIEADADES DE AGUACATE\",\"caption\":\"\",\"description\":\"\\\"VARIEADADES DE AGUACATE\\\". Lanzamiento: 2017.\",\"meta\":{\"year\":\"2017\",\"length_formatted\":\"1:26\"},\"image\":{\"src\":\"https:\/\/www.imer.mx\/lapopular\/wp-includes\/images\/media\/audio.svg\",\"width\":48,\"height\":64},\"thumb\":{\"src\":\"https:\/\/www.imer.mx\/lapopular\/wp-includes\/images\/media\/audio.svg\",\"width\":48,\"height\":64}}]}<\/script>\n<\/div>\n\t\n","protected":false},"excerpt":{"rendered":"<p>&nbsp; &nbsp; &nbsp; &nbsp; &nbsp; &nbsp; &nbsp; &nbsp; &nbsp; &nbsp; &nbsp; Invitado. Humberto Rios C\u00f3rdova, productor de caf\u00e9 en el municipio de Uni\u00f3n Ju\u00e1rez. &nbsp; De acuerdo a la Secretaria\u00a0 de Agricultura, Ganader\u00eda, Desarrollo Rural , Pesca y Alimentaci\u00f3n (SAGARPA) a mayo de 2017,en M\u00e9xico se obtuvo una producci\u00f3n de aguacate superior a 760 mil&hellip;<\/p>\n","protected":false},"author":38,"featured_media":0,"comment_status":"open","ping_status":"open","sticky":false,"template":"","format":"standard","meta":{"wp_popup_display_lightbox":0,"wp_popup_suppress":"","wp_popup_trigger":"","wp_popup_trigger_amount":0,"wp_popup_disable_on_mobile":false,"_uf_show_specific_survey":0,"_uf_disable_surveys":false,"footnotes":""},"categories":[2],"tags":[],"class_list":["post-1357","post","type-post","status-publish","format-standard","hentry","category-destacados","category-2","description-off"],"_links":{"self":[{"href":"https:\/\/www.imer.mx\/lapopular\/wp-json\/wp\/v2\/posts\/1357","targetHints":{"allow":["GET"]}}],"collection":[{"href":"https:\/\/www.imer.mx\/lapopular\/wp-json\/wp\/v2\/posts"}],"about":[{"href":"https:\/\/www.imer.mx\/lapopular\/wp-json\/wp\/v2\/types\/post"}],"author":[{"embeddable":true,"href":"https:\/\/www.imer.mx\/lapopular\/wp-json\/wp\/v2\/users\/38"}],"replies":[{"embeddable":true,"href":"https:\/\/www.imer.mx\/lapopular\/wp-json\/wp\/v2\/comments?post=1357"}],"version-history":[{"count":0,"href":"https:\/\/www.imer.mx\/lapopular\/wp-json\/wp\/v2\/posts\/1357\/revisions"}],"wp:attachment":[{"href":"https:\/\/www.imer.mx\/lapopular\/wp-json\/wp\/v2\/media?parent=1357"}],"wp:term":[{"taxonomy":"category","embeddable":true,"href":"https:\/\/www.imer.mx\/lapopular\/wp-json\/wp\/v2\/categories?post=1357"},{"taxonomy":"post_tag","embeddable":true,"href":"https:\/\/www.imer.mx\/lapopular\/wp-json\/wp\/v2\/tags?post=1357"}],"curies":[{"name":"wp","href":"https:\/\/api.w.org\/{rel}","templated":true}]}}