{"id":1326,"date":"2017-11-01T14:59:18","date_gmt":"2017-11-01T20:59:18","guid":{"rendered":"http:\/\/www.imer.mx\/lapopular\/?p=1326"},"modified":"2017-11-15T11:38:48","modified_gmt":"2017-11-15T17:38:48","slug":"dia-de-muertos-el-festejo-mas-popular-de-mexico","status":"publish","type":"post","link":"https:\/\/www.imer.mx\/lapopular\/dia-de-muertos-el-festejo-mas-popular-de-mexico\/","title":{"rendered":"D\u00eda de Muertos, el festejo m\u00e1s popular de M\u00e9xico"},"content":{"rendered":"<p>&nbsp;<\/p>\n\n\t\t\t<style type='text\/css'>\n\t\t\t\t#gallery-1 {\n\t\t\t\t\tmargin: auto;\n\t\t\t\t}\n\t\t\t\t#gallery-1 .gallery-item {\n\t\t\t\t\tfloat: left;\n\t\t\t\t\tmargin-top: 10px;\n\t\t\t\t\ttext-align: center;\n\t\t\t\t\twidth: 33%;\n\t\t\t\t}\n\t\t\t\t#gallery-1 img {\n\t\t\t\t\tborder: 2px solid #cfcfcf;\n\t\t\t\t}\n\t\t\t\t#gallery-1 .gallery-caption {\n\t\t\t\t\tmargin-left: 0;\n\t\t\t\t}\n\t\t\t\t\/* see gallery_shortcode() in wp-includes\/media.php *\/\n\t\t\t<\/style>\n\t\t<div id='gallery-1' class='dt-gallery-container gallery galleryid-1326 gallery-columns-3 gallery-size-thumbnail'><dl class='gallery-item'>\n\t\t\t\t<dt class='gallery-icon landscape'>\n\t\t\t\t\t<a class=\"rollover\" href='https:\/\/www.imer.mx\/lapopular\/dia-de-muertos-el-festejo-mas-popular-de-mexico\/20171101_143805\/'><img loading=\"lazy\" decoding=\"async\" width=\"150\" height=\"150\" src=\"https:\/\/www.imer.mx\/lapopular\/wp-content\/uploads\/sites\/27\/20171101_143805-150x150.jpg\" class=\"attachment-thumbnail size-thumbnail\" alt=\"\" \/><\/a>\n\t\t\t\t<\/dt><\/dl><dl class='gallery-item'>\n\t\t\t\t<dt class='gallery-icon landscape'>\n\t\t\t\t\t<a class=\"rollover\" href='https:\/\/www.imer.mx\/lapopular\/dia-de-muertos-el-festejo-mas-popular-de-mexico\/pb020022\/'><img loading=\"lazy\" decoding=\"async\" width=\"150\" height=\"150\" src=\"https:\/\/www.imer.mx\/lapopular\/wp-content\/uploads\/sites\/27\/PB020022-1-150x150.jpg\" class=\"attachment-thumbnail size-thumbnail\" alt=\"\" \/><\/a>\n\t\t\t\t<\/dt><\/dl><dl class='gallery-item'>\n\t\t\t\t<dt class='gallery-icon landscape'>\n\t\t\t\t\t<a class=\"rollover\" href='https:\/\/www.imer.mx\/lapopular\/dia-de-muertos-el-festejo-mas-popular-de-mexico\/pb030027\/'><img loading=\"lazy\" decoding=\"async\" width=\"150\" height=\"150\" src=\"https:\/\/www.imer.mx\/lapopular\/wp-content\/uploads\/sites\/27\/PB030027-150x150.jpg\" class=\"attachment-thumbnail size-thumbnail\" alt=\"\" \/><\/a>\n\t\t\t\t<\/dt><\/dl><br style=\"clear: both\" \/><dl class='gallery-item'>\n\t\t\t\t<dt class='gallery-icon landscape'>\n\t\t\t\t\t<a class=\"rollover\" href='https:\/\/www.imer.mx\/lapopular\/dia-de-muertos-el-festejo-mas-popular-de-mexico\/pb020007\/'><img loading=\"lazy\" decoding=\"async\" width=\"150\" height=\"150\" src=\"https:\/\/www.imer.mx\/lapopular\/wp-content\/uploads\/sites\/27\/PB020007-150x150.jpg\" class=\"attachment-thumbnail size-thumbnail\" alt=\"\" \/><\/a>\n\t\t\t\t<\/dt><\/dl><dl class='gallery-item'>\n\t\t\t\t<dt class='gallery-icon portrait'>\n\t\t\t\t\t<a class=\"rollover\" href='https:\/\/www.imer.mx\/lapopular\/dia-de-muertos-el-festejo-mas-popular-de-mexico\/pb030038-2\/'><img loading=\"lazy\" decoding=\"async\" width=\"150\" height=\"150\" src=\"https:\/\/www.imer.mx\/lapopular\/wp-content\/uploads\/sites\/27\/PB030038-2-150x150.jpg\" class=\"attachment-thumbnail size-thumbnail\" alt=\"\" \/><\/a>\n\t\t\t\t<\/dt><\/dl>\n\t\t\t\t<br style='clear: both' \/>\n\t\t\t<\/div>\n\n<p>La celebraci\u00f3n del\u00a0D\u00eda de Muertos<strong>\u00a0<\/strong>es una de las tradiciones m\u00e1s antiguas y representativas de\u00a0M\u00e9xico.<\/p>\n<p>Una fiesta<strong>\u00a0<\/strong>en donde\u00a0los vivos se encuentran con los muertos, ofreci\u00e9ndoles un aut\u00e9ntico\u00a0banquete de olores, colores, sabores y m\u00fasica, con la finalidad de que quienes seguimos en el plano terrenal no olvidemos que\u00a0la muerte es s\u00f3lo una transici\u00f3n<strong>\u00a0<\/strong>a lo eterno, mientras que los muertos \u201cregresan\u201d para convivir con sus amigos y familiares.<\/p>\n<p>Las ofrendas a los muertos se preparan minuciosamente con los manjares favoritos del difunto y se colocan alrededor del altar familiar y de la tumba, en medio de las flores y de objetos artesanales, decoraci\u00f3n con papel picado, fotograf\u00edas, juguetes o cualquier recuerdo que una a los vivos con los muertos.<\/p>\n<div class=\"wp-playlist wp-audio-playlist wp-playlist-light\">\n\t\t\t<div class=\"wp-playlist-current-item\"><\/div>\n\t\t<audio controls=\"controls\" preload=\"none\" width=\"1178\"\n\t\t\t><\/audio>\n\t<div class=\"wp-playlist-next\"><\/div>\n\t<div class=\"wp-playlist-prev\"><\/div>\n\t<noscript>\n\t<ol>\n\t\t<li><a href='https:\/\/www.imer.mx\/lapopular\/wp-content\/uploads\/sites\/27\/CALAVERA-ROMO.mp3'>CALAVERA ROMO<\/a><\/li><li><a href='https:\/\/www.imer.mx\/lapopular\/wp-content\/uploads\/sites\/27\/CALAVERA-ALFONSO.mp3'>CALAVERA ALFONSO<\/a><\/li><li><a href='https:\/\/www.imer.mx\/lapopular\/wp-content\/uploads\/sites\/27\/CALAVERA-CLARA.mp3'>CALAVERA CLARA<\/a><\/li><li><a href='https:\/\/www.imer.mx\/lapopular\/wp-content\/uploads\/sites\/27\/CALAVERA-MARIO.mp3'>CALAVERA MARIO<\/a><\/li><li><a href='https:\/\/www.imer.mx\/lapopular\/wp-content\/uploads\/sites\/27\/CALAVERA-PAOLA.mp3'>CALAVERA PAOLA<\/a><\/li><li><a href='https:\/\/www.imer.mx\/lapopular\/wp-content\/uploads\/sites\/27\/CALAVERA-HERMELINDO.mp3'>CALAVERA HERMELINDO<\/a><\/li><li><a href='https:\/\/www.imer.mx\/lapopular\/wp-content\/uploads\/sites\/27\/CALAVERA-GUILLERMO.mp3'>CALAVERA GUILLERMO<\/a><\/li><li><a href='https:\/\/www.imer.mx\/lapopular\/wp-content\/uploads\/sites\/27\/CALAVERA-GLORIA.mp3'>CALAVERA GLORIA<\/a><\/li><li><a href='https:\/\/www.imer.mx\/lapopular\/wp-content\/uploads\/sites\/27\/CALAVERA-ENRIQUE.mp3'>CALAVERA ENRIQUE<\/a><\/li><li><a href='https:\/\/www.imer.mx\/lapopular\/wp-content\/uploads\/sites\/27\/CALAVERA-DULCE.mp3'>CALAVERA DULCE<\/a><\/li><li><a href='https:\/\/www.imer.mx\/lapopular\/wp-content\/uploads\/sites\/27\/CALAVERA-MISAEL.mp3'>CALAVERA MISAEL<\/a><\/li><li><a href='https:\/\/www.imer.mx\/lapopular\/wp-content\/uploads\/sites\/27\/CALAVERA-NESTOR.mp3'>CALAVERA NESTOR<\/a><\/li><li><a href='https:\/\/www.imer.mx\/lapopular\/wp-content\/uploads\/sites\/27\/CALAVERAS-MAURICIO.mp3'>CALAVERAS MAURICIO<\/a><\/li><li><a href='https:\/\/www.imer.mx\/lapopular\/wp-content\/uploads\/sites\/27\/CALAVERA-BULMARO.mp3'>CALAVERA BULMARO<\/a><\/li><li><a href='https:\/\/www.imer.mx\/lapopular\/wp-content\/uploads\/sites\/27\/CALAVERA-KEILA.mp3'>CALAVERA KEILA<\/a><\/li><li><a href='https:\/\/www.imer.mx\/lapopular\/wp-content\/uploads\/sites\/27\/CALAVERA-JAVIER.mp3'>CALAVERA JAVIER<\/a><\/li>\t<\/ol>\n\t<\/noscript>\n\t<script type=\"application\/json\" class=\"wp-playlist-script\">{\"type\":\"audio\",\"tracklist\":true,\"tracknumbers\":true,\"images\":true,\"artists\":true,\"tracks\":[{\"src\":\"https:\/\/www.imer.mx\/lapopular\/wp-content\/uploads\/sites\/27\/CALAVERA-ROMO.mp3\",\"type\":\"audio\/mpeg\",\"title\":\"CALAVERA ROMO\",\"caption\":\"\",\"description\":\"\\\"CALAVERA ROMO\\\". G\\u00e9nero: Blues.\",\"meta\":{\"genre\":\"Blues\",\"length_formatted\":\"0:20\"},\"image\":{\"src\":\"https:\/\/www.imer.mx\/lapopular\/wp-includes\/images\/media\/audio.svg\",\"width\":48,\"height\":64},\"thumb\":{\"src\":\"https:\/\/www.imer.mx\/lapopular\/wp-includes\/images\/media\/audio.svg\",\"width\":48,\"height\":64}},{\"src\":\"https:\/\/www.imer.mx\/lapopular\/wp-content\/uploads\/sites\/27\/CALAVERA-ALFONSO.mp3\",\"type\":\"audio\/mpeg\",\"title\":\"CALAVERA ALFONSO\",\"caption\":\"\",\"description\":\"\\\"CALAVERA ALFONSO\\\". G\\u00e9nero: Blues.\",\"meta\":{\"genre\":\"Blues\",\"length_formatted\":\"0:20\"},\"image\":{\"src\":\"https:\/\/www.imer.mx\/lapopular\/wp-includes\/images\/media\/audio.svg\",\"width\":48,\"height\":64},\"thumb\":{\"src\":\"https:\/\/www.imer.mx\/lapopular\/wp-includes\/images\/media\/audio.svg\",\"width\":48,\"height\":64}},{\"src\":\"https:\/\/www.imer.mx\/lapopular\/wp-content\/uploads\/sites\/27\/CALAVERA-CLARA.mp3\",\"type\":\"audio\/mpeg\",\"title\":\"CALAVERA CLARA\",\"caption\":\"\",\"description\":\"\\\"CALAVERA CLARA\\\". G\\u00e9nero: Blues.\",\"meta\":{\"genre\":\"Blues\",\"length_formatted\":\"0:20\"},\"image\":{\"src\":\"https:\/\/www.imer.mx\/lapopular\/wp-includes\/images\/media\/audio.svg\",\"width\":48,\"height\":64},\"thumb\":{\"src\":\"https:\/\/www.imer.mx\/lapopular\/wp-includes\/images\/media\/audio.svg\",\"width\":48,\"height\":64}},{\"src\":\"https:\/\/www.imer.mx\/lapopular\/wp-content\/uploads\/sites\/27\/CALAVERA-MARIO.mp3\",\"type\":\"audio\/mpeg\",\"title\":\"CALAVERA MARIO\",\"caption\":\"\",\"description\":\"\\\"CALAVERA MARIO\\\". G\\u00e9nero: Blues.\",\"meta\":{\"genre\":\"Blues\",\"length_formatted\":\"0:20\"},\"image\":{\"src\":\"https:\/\/www.imer.mx\/lapopular\/wp-includes\/images\/media\/audio.svg\",\"width\":48,\"height\":64},\"thumb\":{\"src\":\"https:\/\/www.imer.mx\/lapopular\/wp-includes\/images\/media\/audio.svg\",\"width\":48,\"height\":64}},{\"src\":\"https:\/\/www.imer.mx\/lapopular\/wp-content\/uploads\/sites\/27\/CALAVERA-PAOLA.mp3\",\"type\":\"audio\/mpeg\",\"title\":\"CALAVERA PAOLA\",\"caption\":\"\",\"description\":\"\\\"CALAVERA PAOLA\\\". G\\u00e9nero: Blues.\",\"meta\":{\"genre\":\"Blues\",\"length_formatted\":\"0:20\"},\"image\":{\"src\":\"https:\/\/www.imer.mx\/lapopular\/wp-includes\/images\/media\/audio.svg\",\"width\":48,\"height\":64},\"thumb\":{\"src\":\"https:\/\/www.imer.mx\/lapopular\/wp-includes\/images\/media\/audio.svg\",\"width\":48,\"height\":64}},{\"src\":\"https:\/\/www.imer.mx\/lapopular\/wp-content\/uploads\/sites\/27\/CALAVERA-HERMELINDO.mp3\",\"type\":\"audio\/mpeg\",\"title\":\"CALAVERA HERMELINDO\",\"caption\":\"\",\"description\":\"\\\"CALAVERA HERMELINDO\\\". G\\u00e9nero: Blues.\",\"meta\":{\"genre\":\"Blues\",\"length_formatted\":\"0:20\"},\"image\":{\"src\":\"https:\/\/www.imer.mx\/lapopular\/wp-includes\/images\/media\/audio.svg\",\"width\":48,\"height\":64},\"thumb\":{\"src\":\"https:\/\/www.imer.mx\/lapopular\/wp-includes\/images\/media\/audio.svg\",\"width\":48,\"height\":64}},{\"src\":\"https:\/\/www.imer.mx\/lapopular\/wp-content\/uploads\/sites\/27\/CALAVERA-GUILLERMO.mp3\",\"type\":\"audio\/mpeg\",\"title\":\"CALAVERA GUILLERMO\",\"caption\":\"\",\"description\":\"\\\"CALAVERA GUILLERMO\\\". G\\u00e9nero: Blues.\",\"meta\":{\"genre\":\"Blues\",\"length_formatted\":\"0:20\"},\"image\":{\"src\":\"https:\/\/www.imer.mx\/lapopular\/wp-includes\/images\/media\/audio.svg\",\"width\":48,\"height\":64},\"thumb\":{\"src\":\"https:\/\/www.imer.mx\/lapopular\/wp-includes\/images\/media\/audio.svg\",\"width\":48,\"height\":64}},{\"src\":\"https:\/\/www.imer.mx\/lapopular\/wp-content\/uploads\/sites\/27\/CALAVERA-GLORIA.mp3\",\"type\":\"audio\/mpeg\",\"title\":\"CALAVERA GLORIA\",\"caption\":\"\",\"description\":\"\\\"CALAVERA GLORIA\\\". G\\u00e9nero: Blues.\",\"meta\":{\"genre\":\"Blues\",\"length_formatted\":\"0:20\"},\"image\":{\"src\":\"https:\/\/www.imer.mx\/lapopular\/wp-includes\/images\/media\/audio.svg\",\"width\":48,\"height\":64},\"thumb\":{\"src\":\"https:\/\/www.imer.mx\/lapopular\/wp-includes\/images\/media\/audio.svg\",\"width\":48,\"height\":64}},{\"src\":\"https:\/\/www.imer.mx\/lapopular\/wp-content\/uploads\/sites\/27\/CALAVERA-ENRIQUE.mp3\",\"type\":\"audio\/mpeg\",\"title\":\"CALAVERA ENRIQUE\",\"caption\":\"\",\"description\":\"\\\"CALAVERA ENRIQUE\\\". G\\u00e9nero: Blues.\",\"meta\":{\"genre\":\"Blues\",\"length_formatted\":\"0:20\"},\"image\":{\"src\":\"https:\/\/www.imer.mx\/lapopular\/wp-includes\/images\/media\/audio.svg\",\"width\":48,\"height\":64},\"thumb\":{\"src\":\"https:\/\/www.imer.mx\/lapopular\/wp-includes\/images\/media\/audio.svg\",\"width\":48,\"height\":64}},{\"src\":\"https:\/\/www.imer.mx\/lapopular\/wp-content\/uploads\/sites\/27\/CALAVERA-DULCE.mp3\",\"type\":\"audio\/mpeg\",\"title\":\"CALAVERA DULCE\",\"caption\":\"\",\"description\":\"\\\"CALAVERA DULCE\\\". G\\u00e9nero: Blues.\",\"meta\":{\"genre\":\"Blues\",\"length_formatted\":\"0:20\"},\"image\":{\"src\":\"https:\/\/www.imer.mx\/lapopular\/wp-includes\/images\/media\/audio.svg\",\"width\":48,\"height\":64},\"thumb\":{\"src\":\"https:\/\/www.imer.mx\/lapopular\/wp-includes\/images\/media\/audio.svg\",\"width\":48,\"height\":64}},{\"src\":\"https:\/\/www.imer.mx\/lapopular\/wp-content\/uploads\/sites\/27\/CALAVERA-MISAEL.mp3\",\"type\":\"audio\/mpeg\",\"title\":\"CALAVERA MISAEL\",\"caption\":\"\",\"description\":\"\\\"CALAVERA MISAEL\\\". G\\u00e9nero: Blues.\",\"meta\":{\"genre\":\"Blues\",\"length_formatted\":\"0:20\"},\"image\":{\"src\":\"https:\/\/www.imer.mx\/lapopular\/wp-includes\/images\/media\/audio.svg\",\"width\":48,\"height\":64},\"thumb\":{\"src\":\"https:\/\/www.imer.mx\/lapopular\/wp-includes\/images\/media\/audio.svg\",\"width\":48,\"height\":64}},{\"src\":\"https:\/\/www.imer.mx\/lapopular\/wp-content\/uploads\/sites\/27\/CALAVERA-NESTOR.mp3\",\"type\":\"audio\/mpeg\",\"title\":\"CALAVERA NESTOR\",\"caption\":\"\",\"description\":\"\\\"CALAVERA NESTOR\\\". G\\u00e9nero: Blues.\",\"meta\":{\"genre\":\"Blues\",\"length_formatted\":\"0:20\"},\"image\":{\"src\":\"https:\/\/www.imer.mx\/lapopular\/wp-includes\/images\/media\/audio.svg\",\"width\":48,\"height\":64},\"thumb\":{\"src\":\"https:\/\/www.imer.mx\/lapopular\/wp-includes\/images\/media\/audio.svg\",\"width\":48,\"height\":64}},{\"src\":\"https:\/\/www.imer.mx\/lapopular\/wp-content\/uploads\/sites\/27\/CALAVERAS-MAURICIO.mp3\",\"type\":\"audio\/mpeg\",\"title\":\"CALAVERAS MAURICIO\",\"caption\":\"\",\"description\":\"\\\"CALAVERAS MAURICIO\\\". G\\u00e9nero: Blues.\",\"meta\":{\"genre\":\"Blues\",\"length_formatted\":\"0:20\"},\"image\":{\"src\":\"https:\/\/www.imer.mx\/lapopular\/wp-includes\/images\/media\/audio.svg\",\"width\":48,\"height\":64},\"thumb\":{\"src\":\"https:\/\/www.imer.mx\/lapopular\/wp-includes\/images\/media\/audio.svg\",\"width\":48,\"height\":64}},{\"src\":\"https:\/\/www.imer.mx\/lapopular\/wp-content\/uploads\/sites\/27\/CALAVERA-BULMARO.mp3\",\"type\":\"audio\/mpeg\",\"title\":\"CALAVERA BULMARO\",\"caption\":\"\",\"description\":\"\\\"CALAVERA BULMARO\\\". G\\u00e9nero: Blues.\",\"meta\":{\"genre\":\"Blues\",\"length_formatted\":\"0:20\"},\"image\":{\"src\":\"https:\/\/www.imer.mx\/lapopular\/wp-includes\/images\/media\/audio.svg\",\"width\":48,\"height\":64},\"thumb\":{\"src\":\"https:\/\/www.imer.mx\/lapopular\/wp-includes\/images\/media\/audio.svg\",\"width\":48,\"height\":64}},{\"src\":\"https:\/\/www.imer.mx\/lapopular\/wp-content\/uploads\/sites\/27\/CALAVERA-KEILA.mp3\",\"type\":\"audio\/mpeg\",\"title\":\"CALAVERA KEILA\",\"caption\":\"\",\"description\":\"\\\"CALAVERA KEILA\\\". G\\u00e9nero: Blues.\",\"meta\":{\"genre\":\"Blues\",\"length_formatted\":\"0:20\"},\"image\":{\"src\":\"https:\/\/www.imer.mx\/lapopular\/wp-includes\/images\/media\/audio.svg\",\"width\":48,\"height\":64},\"thumb\":{\"src\":\"https:\/\/www.imer.mx\/lapopular\/wp-includes\/images\/media\/audio.svg\",\"width\":48,\"height\":64}},{\"src\":\"https:\/\/www.imer.mx\/lapopular\/wp-content\/uploads\/sites\/27\/CALAVERA-JAVIER.mp3\",\"type\":\"audio\/mpeg\",\"title\":\"CALAVERA JAVIER\",\"caption\":\"\",\"description\":\"\\\"CALAVERA JAVIER\\\". G\\u00e9nero: Blues.\",\"meta\":{\"genre\":\"Blues\",\"length_formatted\":\"0:20\"},\"image\":{\"src\":\"https:\/\/www.imer.mx\/lapopular\/wp-includes\/images\/media\/audio.svg\",\"width\":48,\"height\":64},\"thumb\":{\"src\":\"https:\/\/www.imer.mx\/lapopular\/wp-includes\/images\/media\/audio.svg\",\"width\":48,\"height\":64}}]}<\/script>\n<\/div>\n\t\n","protected":false},"excerpt":{"rendered":"<p>&nbsp; La celebraci\u00f3n del\u00a0D\u00eda de Muertos\u00a0es una de las tradiciones m\u00e1s antiguas y representativas de\u00a0M\u00e9xico. Una fiesta\u00a0en donde\u00a0los vivos se encuentran con los muertos, ofreci\u00e9ndoles un aut\u00e9ntico\u00a0banquete de olores, colores, sabores y m\u00fasica, con la finalidad de que quienes seguimos en el plano terrenal no olvidemos que\u00a0la muerte es s\u00f3lo una transici\u00f3n\u00a0a lo eterno, mientras&hellip;<\/p>\n","protected":false},"author":38,"featured_media":0,"comment_status":"open","ping_status":"open","sticky":false,"template":"","format":"standard","meta":{"wp_popup_display_lightbox":0,"wp_popup_suppress":"","wp_popup_trigger":"","wp_popup_trigger_amount":0,"wp_popup_disable_on_mobile":false,"_uf_show_specific_survey":0,"_uf_disable_surveys":false,"footnotes":""},"categories":[2],"tags":[],"class_list":["post-1326","post","type-post","status-publish","format-standard","hentry","category-destacados","category-2","description-off"],"_links":{"self":[{"href":"https:\/\/www.imer.mx\/lapopular\/wp-json\/wp\/v2\/posts\/1326","targetHints":{"allow":["GET"]}}],"collection":[{"href":"https:\/\/www.imer.mx\/lapopular\/wp-json\/wp\/v2\/posts"}],"about":[{"href":"https:\/\/www.imer.mx\/lapopular\/wp-json\/wp\/v2\/types\/post"}],"author":[{"embeddable":true,"href":"https:\/\/www.imer.mx\/lapopular\/wp-json\/wp\/v2\/users\/38"}],"replies":[{"embeddable":true,"href":"https:\/\/www.imer.mx\/lapopular\/wp-json\/wp\/v2\/comments?post=1326"}],"version-history":[{"count":0,"href":"https:\/\/www.imer.mx\/lapopular\/wp-json\/wp\/v2\/posts\/1326\/revisions"}],"wp:attachment":[{"href":"https:\/\/www.imer.mx\/lapopular\/wp-json\/wp\/v2\/media?parent=1326"}],"wp:term":[{"taxonomy":"category","embeddable":true,"href":"https:\/\/www.imer.mx\/lapopular\/wp-json\/wp\/v2\/categories?post=1326"},{"taxonomy":"post_tag","embeddable":true,"href":"https:\/\/www.imer.mx\/lapopular\/wp-json\/wp\/v2\/tags?post=1326"}],"curies":[{"name":"wp","href":"https:\/\/api.w.org\/{rel}","templated":true}]}}