{"id":2568,"date":"2016-02-22T19:10:12","date_gmt":"2016-02-22T19:10:12","guid":{"rendered":"http:\/\/www.imer.mx\/lapoderosa\/?p=2568"},"modified":"2016-02-25T00:28:07","modified_gmt":"2016-02-25T00:28:07","slug":"festeja-con-nosotros-nuestro-69-aniversario-de-la-poderosa-xerf-2","status":"publish","type":"post","link":"https:\/\/www.imer.mx\/lapoderosa\/festeja-con-nosotros-nuestro-69-aniversario-de-la-poderosa-xerf-2\/","title":{"rendered":"\u00a1Festeja con nosotros nuestro 69 Aniversario de La Poderosa XERF!"},"content":{"rendered":"<p><img loading=\"lazy\" decoding=\"async\" class=\"alignnone wp-image-2575 size-full\" src=\"https:\/\/www.imer.mx\/lapoderosa\/wp-content\/uploads\/sites\/30\/lapoderos.png\" alt=\"lapoderos\" width=\"612\" height=\"370\" srcset=\"https:\/\/www.imer.mx\/lapoderosa\/wp-content\/uploads\/sites\/30\/lapoderos.png 612w, https:\/\/www.imer.mx\/lapoderosa\/wp-content\/uploads\/sites\/30\/lapoderos-300x181.png 300w\" sizes=\"auto, (max-width: 612px) 100vw, 612px\" \/><\/p>\n<p>En XERF cumplimos 69 a\u00f1os y lo festejamos con una serie radiof\u00f3nica que se transmiti\u00f3 del 15 al 19 de febrero. Se trata de cinco programas en donde hablamos de problemas sociales que afectan a la comunidad de Coahuila, plasmados en la serie \u201cLos Reportajes\u201d , un vistazo a los acontecimientos cotidianos que se viven en Ciudad Acu\u00f1a, Coahuila\u00a0:<\/p>\n<ul>\n<ul>\n<li>Alimentaci\u00f3n escolar<\/li>\n<li>Migraci\u00f3n<\/li>\n<li>Suicidios en Asolescentes<\/li>\n<li>Embarazos en Adolescentes<\/li>\n<li>Cambio Clim\u00e1tico.<\/li>\n<\/ul>\n<\/ul>\n<p>Ahora puedes escucharlos en cualquier momento.<\/p>\n<div class=\"wp-playlist wp-audio-playlist wp-playlist-light\">\n\t\t\t<div class=\"wp-playlist-current-item\"><\/div>\n\t\t<audio controls=\"controls\" preload=\"none\" width=\"1178\"\n\t\t\t><\/audio>\n\t<div class=\"wp-playlist-next\"><\/div>\n\t<div class=\"wp-playlist-prev\"><\/div>\n\t<noscript>\n\t<ol>\n\t\t<li><a href='https:\/\/www.imer.mx\/lapoderosa\/wp-content\/uploads\/sites\/30\/P69A-ANIVERSARIO-69-DE-XERF-PROGRAMA-1-PARTE-1.mp3'>\u00bfPor qu\u00e9 se han llevado mi lonche? | Alimentaci\u00f3n escolar | Parte 1<\/a><\/li><li><a href='https:\/\/www.imer.mx\/lapoderosa\/wp-content\/uploads\/sites\/30\/P69B-ANIVERSARIO-69-DE-XERF-PROGRAMA-1-PARTE-2.mp3'>\u00bfPorque se han llevado mi lonche ?  | Alimentaci\u00f3n escolar | Parte 2<\/a><\/li><li><a href='https:\/\/www.imer.mx\/lapoderosa\/wp-content\/uploads\/sites\/30\/P69C-ANIVERSARIO-69-DE-XERF-PROGRAMA-2-PARTE-1.mp3'>Migraci\u00f3n | Migraci\u00f3n | Parte 1<\/a><\/li><li><a href='https:\/\/www.imer.mx\/lapoderosa\/wp-content\/uploads\/sites\/30\/P69D-ANIVERSARIO-69-DE-XERF-PROGRAMA-2-PARTE-2.mp3'>Migraci\u00f3n | Migraci\u00f3n | Parte 2<\/a><\/li><li><a href='https:\/\/www.imer.mx\/lapoderosa\/wp-content\/uploads\/sites\/30\/P69E-ANIVERSARIO-69-DE-XERF-PROGRAMA-3-PARTE-1.mp3'>\u00bfPor qu\u00e9 se suicidan los adolescentes? | Suicidios en adolescentes | Parte 1<\/a><\/li><li><a href='https:\/\/www.imer.mx\/lapoderosa\/wp-content\/uploads\/sites\/30\/P69F-ANIVERSARIO-69-DE-XERF-PROGRAMA-3-PARTE-2.mp3'>\u00bfPor qu\u00e9 se suicidan los adolescentes? | Suicidios en adolescentes | Parte 1<\/a><\/li><li><a href='https:\/\/www.imer.mx\/lapoderosa\/wp-content\/uploads\/sites\/30\/P69G-ANIVERSARIO-69-DE-XERF-PROGRAMA-4-PARTE-1.mp3'>\u00bfPor qu\u00e9 se embarazan los adolescentes? | Embarazo en adolescentes | Parte 1<\/a><\/li><li><a href='https:\/\/www.imer.mx\/lapoderosa\/wp-content\/uploads\/sites\/30\/P69H-ANIVERSARIO-69-DE-XERF-PROGRAMA-4-PARTE-2.mp3'>\u00bfPor qu\u00e9 se embarazan los adolescentes? | Embarazo en adolescentes | Parte 2<\/a><\/li><li><a href='https:\/\/www.imer.mx\/lapoderosa\/wp-content\/uploads\/sites\/30\/P69I-ANIVERSARIO-69-DE-XERF-PROGRAMA-4-PARTE-3.mp3'>\u00bfPor qu\u00e9 se embarazan los adolescentes? | Embarazo en adolescentes | Parte 3<\/a><\/li><li><a href='https:\/\/www.imer.mx\/lapoderosa\/wp-content\/uploads\/sites\/30\/P69J-ANIVERSARIO-69-DE-XERF-PROGRAMA-4-PARTE-4.mp3'>\u00bfPor qu\u00e9 se embarazan las adolescentes? | Embarazo en adolescentes | Parte 4<\/a><\/li><li><a href='https:\/\/www.imer.mx\/lapoderosa\/wp-content\/uploads\/sites\/30\/P69K-ANIVERSARIO-69-DE-XERF-PROGRAMA-5-PARTE-1.mp3'>\u00bfC\u00f3mo impacta el cambio clim\u00e1tico en Ciudad Acu\u00f1a? | Cambio clim\u00e1tico | Parte 1<\/a><\/li><li><a href='https:\/\/www.imer.mx\/lapoderosa\/wp-content\/uploads\/sites\/30\/P69L-ANIVERSARIO-69-DE-XERF-PROGRAMA-5-PARTE-2.mp3'>\u00bfC\u00f3mo impacta el cambio clim\u00e1tico en Ciudad Acu\u00f1a? | Cambio clim\u00e1tico | Parte 2<\/a><\/li>\t<\/ol>\n\t<\/noscript>\n\t<script type=\"application\/json\" class=\"wp-playlist-script\">{\"type\":\"audio\",\"tracklist\":true,\"tracknumbers\":true,\"images\":false,\"artists\":false,\"tracks\":[{\"src\":\"https:\/\/www.imer.mx\/lapoderosa\/wp-content\/uploads\/sites\/30\/P69A-ANIVERSARIO-69-DE-XERF-PROGRAMA-1-PARTE-1.mp3\",\"type\":\"audio\/mpeg\",\"title\":\"\\u00bfPor qu\\u00e9 se han llevado mi lonche? | Alimentaci\\u00f3n escolar | Parte 1\",\"caption\":\"\",\"description\":\"Alimentaci\\u00f3n escolar|Parte 1\",\"meta\":{\"genre\":\"Other\",\"length_formatted\":\"15:00\"},\"image\":{\"src\":\"https:\/\/www.imer.mx\/lapoderosa\/wp-includes\/images\/media\/audio.svg\",\"width\":48,\"height\":64},\"thumb\":{\"src\":\"https:\/\/www.imer.mx\/lapoderosa\/wp-includes\/images\/media\/audio.svg\",\"width\":48,\"height\":64}},{\"src\":\"https:\/\/www.imer.mx\/lapoderosa\/wp-content\/uploads\/sites\/30\/P69B-ANIVERSARIO-69-DE-XERF-PROGRAMA-1-PARTE-2.mp3\",\"type\":\"audio\/mpeg\",\"title\":\"\\u00bfPorque se han llevado mi lonche ?  | Alimentaci\\u00f3n escolar | Parte 2\",\"caption\":\"\",\"description\":\"\",\"meta\":{\"genre\":\"Other\",\"length_formatted\":\"17:59\"},\"image\":{\"src\":\"https:\/\/www.imer.mx\/lapoderosa\/wp-includes\/images\/media\/audio.svg\",\"width\":48,\"height\":64},\"thumb\":{\"src\":\"https:\/\/www.imer.mx\/lapoderosa\/wp-includes\/images\/media\/audio.svg\",\"width\":48,\"height\":64}},{\"src\":\"https:\/\/www.imer.mx\/lapoderosa\/wp-content\/uploads\/sites\/30\/P69C-ANIVERSARIO-69-DE-XERF-PROGRAMA-2-PARTE-1.mp3\",\"type\":\"audio\/mpeg\",\"title\":\"Migraci\\u00f3n | Migraci\\u00f3n | Parte 1\",\"caption\":\"\",\"description\":\"Migraci\\u00f3n|Migraci\\u00f3n|Parte 1\",\"meta\":{\"length_formatted\":\"15:06\"},\"image\":{\"src\":\"https:\/\/www.imer.mx\/lapoderosa\/wp-includes\/images\/media\/audio.svg\",\"width\":48,\"height\":64},\"thumb\":{\"src\":\"https:\/\/www.imer.mx\/lapoderosa\/wp-includes\/images\/media\/audio.svg\",\"width\":48,\"height\":64}},{\"src\":\"https:\/\/www.imer.mx\/lapoderosa\/wp-content\/uploads\/sites\/30\/P69D-ANIVERSARIO-69-DE-XERF-PROGRAMA-2-PARTE-2.mp3\",\"type\":\"audio\/mpeg\",\"title\":\"Migraci\\u00f3n | Migraci\\u00f3n | Parte 2\",\"caption\":\"\",\"description\":\"Migraci\\u00f3n|Migraci\\u00f3n|Parte 2\",\"meta\":{\"length_formatted\":\"14:25\"},\"image\":{\"src\":\"https:\/\/www.imer.mx\/lapoderosa\/wp-includes\/images\/media\/audio.svg\",\"width\":48,\"height\":64},\"thumb\":{\"src\":\"https:\/\/www.imer.mx\/lapoderosa\/wp-includes\/images\/media\/audio.svg\",\"width\":48,\"height\":64}},{\"src\":\"https:\/\/www.imer.mx\/lapoderosa\/wp-content\/uploads\/sites\/30\/P69E-ANIVERSARIO-69-DE-XERF-PROGRAMA-3-PARTE-1.mp3\",\"type\":\"audio\/mpeg\",\"title\":\"\\u00bfPor qu\\u00e9 se suicidan los adolescentes? | Suicidios en adolescentes | Parte 1\",\"caption\":\"\",\"description\":\"\\u00bfPor qu\\u00e9 se suicidan los adolescentes?|Suicidios en adolescentes|Parte 1\",\"meta\":{\"genre\":\"Other\",\"length_formatted\":\"17:40\"},\"image\":{\"src\":\"https:\/\/www.imer.mx\/lapoderosa\/wp-includes\/images\/media\/audio.svg\",\"width\":48,\"height\":64},\"thumb\":{\"src\":\"https:\/\/www.imer.mx\/lapoderosa\/wp-includes\/images\/media\/audio.svg\",\"width\":48,\"height\":64}},{\"src\":\"https:\/\/www.imer.mx\/lapoderosa\/wp-content\/uploads\/sites\/30\/P69F-ANIVERSARIO-69-DE-XERF-PROGRAMA-3-PARTE-2.mp3\",\"type\":\"audio\/mpeg\",\"title\":\"\\u00bfPor qu\\u00e9 se suicidan los adolescentes? | Suicidios en adolescentes | Parte 1\",\"caption\":\"\",\"description\":\"\\u00bfPor qu\\u00e9 se suicidan los adolescentes?|Suicidios en adolescentes|Parte 1\",\"meta\":{\"genre\":\"Other\",\"length_formatted\":\"19:58\"},\"image\":{\"src\":\"https:\/\/www.imer.mx\/lapoderosa\/wp-includes\/images\/media\/audio.svg\",\"width\":48,\"height\":64},\"thumb\":{\"src\":\"https:\/\/www.imer.mx\/lapoderosa\/wp-includes\/images\/media\/audio.svg\",\"width\":48,\"height\":64}},{\"src\":\"https:\/\/www.imer.mx\/lapoderosa\/wp-content\/uploads\/sites\/30\/P69G-ANIVERSARIO-69-DE-XERF-PROGRAMA-4-PARTE-1.mp3\",\"type\":\"audio\/mpeg\",\"title\":\"\\u00bfPor qu\\u00e9 se embarazan los adolescentes? | Embarazo en adolescentes | Parte 1\",\"caption\":\"\",\"description\":\"\\u00bfPor qu\\u00e9 se embarazan las adolescentes?|Embarazo en adolescentes|Parte 1\",\"meta\":{\"genre\":\"Other\",\"length_formatted\":\"15:42\"},\"image\":{\"src\":\"https:\/\/www.imer.mx\/lapoderosa\/wp-includes\/images\/media\/audio.svg\",\"width\":48,\"height\":64},\"thumb\":{\"src\":\"https:\/\/www.imer.mx\/lapoderosa\/wp-includes\/images\/media\/audio.svg\",\"width\":48,\"height\":64}},{\"src\":\"https:\/\/www.imer.mx\/lapoderosa\/wp-content\/uploads\/sites\/30\/P69H-ANIVERSARIO-69-DE-XERF-PROGRAMA-4-PARTE-2.mp3\",\"type\":\"audio\/mpeg\",\"title\":\"\\u00bfPor qu\\u00e9 se embarazan los adolescentes? | Embarazo en adolescentes | Parte 2\",\"caption\":\"\",\"description\":\"\\u00bfPor qu\\u00e9 se embarazan las adolescentes?|Embarazo en adolescentes|Parte 2\",\"meta\":{\"genre\":\"Other\",\"length_formatted\":\"12:55\"},\"image\":{\"src\":\"https:\/\/www.imer.mx\/lapoderosa\/wp-includes\/images\/media\/audio.svg\",\"width\":48,\"height\":64},\"thumb\":{\"src\":\"https:\/\/www.imer.mx\/lapoderosa\/wp-includes\/images\/media\/audio.svg\",\"width\":48,\"height\":64}},{\"src\":\"https:\/\/www.imer.mx\/lapoderosa\/wp-content\/uploads\/sites\/30\/P69I-ANIVERSARIO-69-DE-XERF-PROGRAMA-4-PARTE-3.mp3\",\"type\":\"audio\/mpeg\",\"title\":\"\\u00bfPor qu\\u00e9 se embarazan los adolescentes? | Embarazo en adolescentes | Parte 3\",\"caption\":\"\",\"description\":\"\\u00bfPor qu\\u00e9 se embarazan las adolescentes?|Embarazo en adolescentes|Parte 3\",\"meta\":{\"genre\":\"Other\",\"length_formatted\":\"10:46\"},\"image\":{\"src\":\"https:\/\/www.imer.mx\/lapoderosa\/wp-includes\/images\/media\/audio.svg\",\"width\":48,\"height\":64},\"thumb\":{\"src\":\"https:\/\/www.imer.mx\/lapoderosa\/wp-includes\/images\/media\/audio.svg\",\"width\":48,\"height\":64}},{\"src\":\"https:\/\/www.imer.mx\/lapoderosa\/wp-content\/uploads\/sites\/30\/P69J-ANIVERSARIO-69-DE-XERF-PROGRAMA-4-PARTE-4.mp3\",\"type\":\"audio\/mpeg\",\"title\":\"\\u00bfPor qu\\u00e9 se embarazan las adolescentes? | Embarazo en adolescentes | Parte 4\",\"caption\":\"\",\"description\":\"\\u00bfPor qu\\u00e9 se embarazan las adolescentes?|Embarazo en adolescentes|Parte 4\",\"meta\":{\"genre\":\"Other\",\"length_formatted\":\"14:55\"},\"image\":{\"src\":\"https:\/\/www.imer.mx\/lapoderosa\/wp-includes\/images\/media\/audio.svg\",\"width\":48,\"height\":64},\"thumb\":{\"src\":\"https:\/\/www.imer.mx\/lapoderosa\/wp-includes\/images\/media\/audio.svg\",\"width\":48,\"height\":64}},{\"src\":\"https:\/\/www.imer.mx\/lapoderosa\/wp-content\/uploads\/sites\/30\/P69K-ANIVERSARIO-69-DE-XERF-PROGRAMA-5-PARTE-1.mp3\",\"type\":\"audio\/mpeg\",\"title\":\"\\u00bfC\\u00f3mo impacta el cambio clim\\u00e1tico en Ciudad Acu\\u00f1a? | Cambio clim\\u00e1tico | Parte 1\",\"caption\":\"\",\"description\":\"\\u00bfC\\u00f3mo impacta el cambio clim\\u00e1tico en Ciudad Acu\\u00f1a?|Cambio clim\\u00e1tico|Parte 1\",\"meta\":{\"genre\":\"Other\",\"length_formatted\":\"13:58\"},\"image\":{\"src\":\"https:\/\/www.imer.mx\/lapoderosa\/wp-includes\/images\/media\/audio.svg\",\"width\":48,\"height\":64},\"thumb\":{\"src\":\"https:\/\/www.imer.mx\/lapoderosa\/wp-includes\/images\/media\/audio.svg\",\"width\":48,\"height\":64}},{\"src\":\"https:\/\/www.imer.mx\/lapoderosa\/wp-content\/uploads\/sites\/30\/P69L-ANIVERSARIO-69-DE-XERF-PROGRAMA-5-PARTE-2.mp3\",\"type\":\"audio\/mpeg\",\"title\":\"\\u00bfC\\u00f3mo impacta el cambio clim\\u00e1tico en Ciudad Acu\\u00f1a? | Cambio clim\\u00e1tico | Parte 2\",\"caption\":\"\",\"description\":\"\\u00bfC\\u00f3mo impacta el cambio clim\\u00e1tico en Ciudad Acu\\u00f1a?|Cambio clim\\u00e1tico|Parte 2\",\"meta\":{\"genre\":\"Other\",\"length_formatted\":\"17:27\"},\"image\":{\"src\":\"https:\/\/www.imer.mx\/lapoderosa\/wp-includes\/images\/media\/audio.svg\",\"width\":48,\"height\":64},\"thumb\":{\"src\":\"https:\/\/www.imer.mx\/lapoderosa\/wp-includes\/images\/media\/audio.svg\",\"width\":48,\"height\":64}}]}<\/script>\n<\/div>\n\t\n<p>&nbsp;<\/p>\n","protected":false},"excerpt":{"rendered":"<p>En XERF cumplimos 69 a\u00f1os y lo festejamos con una serie radiof\u00f3nica que se transmiti\u00f3 del 15 al 19 de febrero. Se trata de cinco programas en donde hablamos de problemas sociales que afectan a la comunidad de Coahuila, plasmados en la serie \u201cLos Reportajes\u201d , un vistazo a los acontecimientos cotidianos que se viven en Ciudad Acu\u00f1a, Coahuila. <a href=\"https:\/\/www.imer.mx\/lapoderosa\/festeja-con-nosotros-nuestro-69-aniversario-de-la-poderosa-xerf-2\/\">Escucha los audios<\/a><\/p>\n","protected":false},"author":1,"featured_media":2575,"comment_status":"closed","ping_status":"closed","sticky":false,"template":"","format":"standard","meta":{"wp_popup_display_lightbox":0,"wp_popup_suppress":"","wp_popup_trigger":"","wp_popup_trigger_amount":0,"wp_popup_disable_on_mobile":false,"footnotes":""},"categories":[3,16],"tags":[],"class_list":["post-2568","post","type-post","status-publish","format-standard","has-post-thumbnail","hentry","category-destacados","category-los-reportajes","category-3","category-16","description-off"],"_links":{"self":[{"href":"https:\/\/www.imer.mx\/lapoderosa\/wp-json\/wp\/v2\/posts\/2568","targetHints":{"allow":["GET"]}}],"collection":[{"href":"https:\/\/www.imer.mx\/lapoderosa\/wp-json\/wp\/v2\/posts"}],"about":[{"href":"https:\/\/www.imer.mx\/lapoderosa\/wp-json\/wp\/v2\/types\/post"}],"author":[{"embeddable":true,"href":"https:\/\/www.imer.mx\/lapoderosa\/wp-json\/wp\/v2\/users\/1"}],"replies":[{"embeddable":true,"href":"https:\/\/www.imer.mx\/lapoderosa\/wp-json\/wp\/v2\/comments?post=2568"}],"version-history":[{"count":0,"href":"https:\/\/www.imer.mx\/lapoderosa\/wp-json\/wp\/v2\/posts\/2568\/revisions"}],"wp:featuredmedia":[{"embeddable":true,"href":"https:\/\/www.imer.mx\/lapoderosa\/wp-json\/wp\/v2\/media\/2575"}],"wp:attachment":[{"href":"https:\/\/www.imer.mx\/lapoderosa\/wp-json\/wp\/v2\/media?parent=2568"}],"wp:term":[{"taxonomy":"category","embeddable":true,"href":"https:\/\/www.imer.mx\/lapoderosa\/wp-json\/wp\/v2\/categories?post=2568"},{"taxonomy":"post_tag","embeddable":true,"href":"https:\/\/www.imer.mx\/lapoderosa\/wp-json\/wp\/v2\/tags?post=2568"}],"curies":[{"name":"wp","href":"https:\/\/api.w.org\/{rel}","templated":true}]}}