{"id":1607,"date":"2014-04-17T17:29:03","date_gmt":"2014-04-17T22:29:03","guid":{"rendered":"http:\/\/lapoderosa.imer.gob.mx\/?p=1607"},"modified":"2016-02-24T17:05:29","modified_gmt":"2016-02-24T17:05:29","slug":"1607","status":"publish","type":"post","link":"https:\/\/www.imer.mx\/lapoderosa\/1607\/","title":{"rendered":"Fallece Gabriel Garc\u00eda M\u00e1rquez"},"content":{"rendered":"<div><a href=\"https:\/\/www.imer.mx\/lapoderosa\/wp-content\/uploads\/sites\/30\/muere-Garc\u00eda-M\u00e1rquez.jpg\" rel=\"attachment wp-att-1608\"><img loading=\"lazy\" decoding=\"async\" class=\"alignnone wp-image-1608\" src=\"https:\/\/www.imer.mx\/lapoderosa\/wp-content\/uploads\/sites\/30\/muere-Garc\u00eda-M\u00e1rquez-300x143.jpg\" alt=\"muere Garc\u00eda M\u00e1rquez\" width=\"824\" height=\"393\" srcset=\"https:\/\/www.imer.mx\/lapoderosa\/wp-content\/uploads\/sites\/30\/muere-Garc\u00eda-M\u00e1rquez-300x143.jpg 300w, https:\/\/www.imer.mx\/lapoderosa\/wp-content\/uploads\/sites\/30\/muere-Garc\u00eda-M\u00e1rquez.jpg 843w\" sizes=\"auto, (max-width: 824px) 100vw, 824px\" \/><\/a><\/div>\n<div><a id=\"js_189\" href=\"https:\/\/www.facebook.com\/pages\/La-Poderosa-IMER\/268860753245061?ref=stream\">La Poderosa IMER<\/a>\u00a0 lamenta el sensible fallecimiento del escritor Gabriel Garc\u00eda M\u00e1rquez, premio nobel de literatura a la edad de 87 a\u00f1os en la Ciudad de M\u00e9xico.<\/div>\n<div><\/div>\n<div>ElUniversal.com<\/div>\n<div>17 de abril de 2014<\/div>\n<div><\/div>\n<div><\/div>\n<div>El Premio Nobel de Literatura muri\u00f3 en la Ciudad de M\u00e9xico a los 87 a\u00f1os v\u00edctima de un c\u00e1ncer que invadi\u00f3 \u00f3rganos vitales; su avanzada edad impidi\u00f3 que fuera viable someterlo a un tratamiento oncol\u00f3gico<\/div>\n<div><\/div>\n<div>\n<p>Muri\u00f3 el Premio Nobel de Literatura <strong>Gabriel Garc\u00eda M\u00e1rquez <\/strong>a los 87 a\u00f1os en la ciudad de M\u00e9xico v\u00edctima de c\u00e1ncer.La salud del autor de &#8220;<strong>Cien a\u00f1os de soledad<\/strong>&#8221; se deterior\u00f3 la semana pasada, cuando el autor fue internado en el Instituto Nacional de Ciencias M\u00e9dicas y Nutrici\u00f3n &#8220;Salvador Zubir\u00e1n&#8221;, donde permaneci\u00f3 hospitalizado nueve d\u00edas.En d\u00edas pasado se dio a conocer, a trav\u00e9s de fuentes confiables de EL UNIVERSAL, que &#8220;Gabo&#8221; sufri\u00f3 una reca\u00edda ante el c\u00e1ncer linf\u00e1tico, del que hab\u00eda padecido en 1999. El <strong>c\u00e1ncer <\/strong>invadi\u00f3 pulm\u00f3n, ganglios e h\u00edgado.El Nobel de Literatura fue dado de alta el 8 de abril del hospital y fue atendido por m\u00e9dicos de esa instituci\u00f3n s\u00f3lo para mejorar sus condiciones generales, a trav\u00e9s de cuidados paliativos. Debido a su avanzada edad, el autor qued\u00f3 fuera de todo tratamiento oncol\u00f3gico, por lo que se decidi\u00f3 trasladarlo a su residencia en la Ciudad de M\u00e9xico, donde recibi\u00f3 tratamientos para mejorar su calidad de vida.El diagn\u00f3stico se sum\u00f3 a una serie de padecimientos generales del autor de &#8220;<strong>El coronel no tiene quien le escriba<\/strong>&#8220;, algunos de ellos propios de la edad. &#8220;Gabo&#8221; fue internado inicialmente en el &#8220;Salvador Zubir\u00e1n&#8221; tras varias semanas de s\u00edntomas caracter\u00edsticos de una neumon\u00eda, as\u00ed como por un cuadro infeccioso y una deshidrataci\u00f3n. Primero fue atendido en su domicilio, pero las condiciones no mejoraron y se decidi\u00f3 la hospitalizaci\u00f3n. Inclusive, el autor sufri\u00f3 episodios derivados del mal de Alzheimer diagnosticado en 2006.En los \u00faltimos a\u00f1os, las apariciones p\u00fablicas de Garc\u00eda M\u00e1rquez disminuyeron. La \u00faltima fue durante la <a href=\"http:\/\/www.eluniversal.com.mx\/cultura\/2013\/inaugura-garcia-marquez-un-boliche-en-santa-fe-954636.html\" target=\"_blank\">inauguraci\u00f3n de un boliche en Santa Fe<\/a>, en septiembre de 2013, en donde fue fotografiado. D\u00edas despu\u00e9s se le vio en el centro comercial Perisur, en la ciudad de M\u00e9xico, en donde se tom\u00f3 algunas fotograf\u00edas con admiradores.Hace dos a\u00f1os, en julio de 2012, Jaime Garc\u00eda M\u00e1rquez, hermano del escritor, revel\u00f3 en una conferencia que se realiz\u00f3 en Cartagena, <strong>Colombia<\/strong>, como parte de la Ruta Quetzal BBVA, que <a href=\"http:\/\/www.eluniversal.com.mx\/notas\/857719.html\" target=\"_blank\">&#8220;Gabo&#8221; padec\u00eda &#8220;demencia senil&#8221;<\/a> como casi toda su familia.<\/p>\n<p>Al instante de enterarse sobre la muerte de &#8220;Gabo&#8221;, diversas instituciones y personajes de la vida p\u00fablica de Colombia, M\u00e9xico y el mundo expresaron su pena por la partida del Premio Nobel de Literatura 1982, autor de &#8220;Cien a\u00f1os de soledad&#8221;, una de las novelas trascendentales de las letras hispanas.<\/p>\n<p>ml<\/p>\n<p>FUENTE:<\/p>\n<p>WWW.ELUNIVERSAL.COM.MX<\/p>\n<\/div>\n<div>Escuche m\u00e1s informaci\u00f3n en las estaciones del Instituto Mexicano de la Radio.<\/div>\n<div><a href=\"https:\/\/www.facebook.com\/268860753245061\/photos\/a.269256019872201.65722.268860753245061\/455204441277357\/?type=1&amp;comment_id=1247576&amp;offset=0&amp;total_comments=1\"><abbr title=\"jueves, 17 de abril de 2014 a la(s) 17:22\">www.imer.com.mx<\/abbr><\/a><\/div>\n<div>Instituto Mexicano de la Radio<\/div>\n<div>Producimos Sonidos y los transformamos en ideas<\/div>\n","protected":false},"excerpt":{"rendered":"<p>El Premio Nobel de Literatura muri\u00f3 en la Ciudad de M\u00e9xico a los 87 a\u00f1os v\u00edctima de un c\u00e1ncer que invadi\u00f3 \u00f3rganos vitales; su avanzada edad impidi\u00f3 que fuera viable someterlo a un tratamiento oncol\u00f3gico. <a href=\"https:\/\/www.imer.mx\/lapoderosa\/1607\/\">Leer m\u00e1s<\/a><\/p>\n","protected":false},"author":30,"featured_media":1608,"comment_status":"closed","ping_status":"closed","sticky":false,"template":"","format":"standard","meta":{"wp_popup_display_lightbox":0,"wp_popup_suppress":"","wp_popup_trigger":"","wp_popup_trigger_amount":0,"wp_popup_disable_on_mobile":false,"footnotes":""},"categories":[3],"tags":[],"class_list":["post-1607","post","type-post","status-publish","format-standard","has-post-thumbnail","hentry","category-destacados","category-3","description-off"],"_links":{"self":[{"href":"https:\/\/www.imer.mx\/lapoderosa\/wp-json\/wp\/v2\/posts\/1607","targetHints":{"allow":["GET"]}}],"collection":[{"href":"https:\/\/www.imer.mx\/lapoderosa\/wp-json\/wp\/v2\/posts"}],"about":[{"href":"https:\/\/www.imer.mx\/lapoderosa\/wp-json\/wp\/v2\/types\/post"}],"author":[{"embeddable":true,"href":"https:\/\/www.imer.mx\/lapoderosa\/wp-json\/wp\/v2\/users\/30"}],"replies":[{"embeddable":true,"href":"https:\/\/www.imer.mx\/lapoderosa\/wp-json\/wp\/v2\/comments?post=1607"}],"version-history":[{"count":0,"href":"https:\/\/www.imer.mx\/lapoderosa\/wp-json\/wp\/v2\/posts\/1607\/revisions"}],"wp:featuredmedia":[{"embeddable":true,"href":"https:\/\/www.imer.mx\/lapoderosa\/wp-json\/wp\/v2\/media\/1608"}],"wp:attachment":[{"href":"https:\/\/www.imer.mx\/lapoderosa\/wp-json\/wp\/v2\/media?parent=1607"}],"wp:term":[{"taxonomy":"category","embeddable":true,"href":"https:\/\/www.imer.mx\/lapoderosa\/wp-json\/wp\/v2\/categories?post=1607"},{"taxonomy":"post_tag","embeddable":true,"href":"https:\/\/www.imer.mx\/lapoderosa\/wp-json\/wp\/v2\/tags?post=1607"}],"curies":[{"name":"wp","href":"https:\/\/api.w.org\/{rel}","templated":true}]}}