{"id":27453,"date":"2024-10-26T10:58:07","date_gmt":"2024-10-26T16:58:07","guid":{"rendered":"https:\/\/www.imer.mx\/interferencia\/?p=27453"},"modified":"2024-10-26T10:58:09","modified_gmt":"2024-10-26T16:58:09","slug":"marchas-funebres-alientos-y-oaxaca-el-cervantino-huele-a-dia-de-muertos","status":"publish","type":"post","link":"https:\/\/www.imer.mx\/interferencia\/marchas-funebres-alientos-y-oaxaca-el-cervantino-huele-a-dia-de-muertos\/","title":{"rendered":"Marchas f\u00fanebres,\u00a0alientos y Oaxaca. El Cervantino huele a d\u00eda de muertos"},"content":{"rendered":"\n<p><strong>Texto y Fotograf\u00edas: Rosete Ros <\/strong><\/p>\n\n\n\n<p>El ensamble de metales de\u00a0la\u00a0banda de m\u00fasica del estado de<strong> Oaxaca<\/strong>\u00a0se present\u00f3 el<strong> viernes 25 de octubre<\/strong> en el templo de la <strong>compa\u00f1\u00eda de Jes\u00fas Oratorio de San Felipe Neri.<\/strong><\/p>\n\n\n\n<p>El repertorio&nbsp;fue un viaje que nos hizo comprender de donde viene la m\u00fasica de las grandes bandas Oaxaque\u00f1as, cu\u00e1l es su conexi\u00f3n con la m\u00fasica del virreinato, y c\u00f3mo la mezcla de las lenguas originarias y tradiciones se mezclo en un sincretismo musical del que ahora disfrutamos en m\u00fasica de las grandes bandas de aliento Oaxaque\u00f1as.<\/p>\n\n\n\n<p>A prop\u00f3sito de la v\u00edspera de d\u00eda de muertos, las ofrendas, el olor a copal, el cempas\u00fachil y la creencia tan particular sobre la muerte de los mexicanos, el Ensamble de Metales de la banda de M\u00fasica\u00a0de <strong>Oaxaca<\/strong> nos regal\u00f3\u00a0un repertorio en d\u00f3nde pudimos escuchar desde melod\u00edas criollas\u00a0del virreinato, pasando por un grandioso <strong>\u201cStabat\u00a0Mater\u201d<\/strong>, hasta las marchas f\u00fanebres que no podemos imaginar fuera del sonido de los alientos\u00a0Oaxaque\u00f1os.<\/p>\n\n\n\n<p>Cada marcha f\u00fanebre representativa de una entidad diferente de este bello estado, nos narra la historia del santo patrono en cada municipio y los momentos m\u00e1s \u00edntimos en que con grandeza despiden a sus seres queridos las familias durante los periodos en que se velan los cuerpos, previo a su entierro.<\/p>\n\n\n\n<figure class=\"wp-block-gallery has-nested-images columns-default is-cropped wp-block-gallery-1 is-layout-flex wp-block-gallery-is-layout-flex\">\n<figure class=\"wp-block-image size-large\"><a href=\"https:\/\/www.imer.mx\/interferencia\/wp-content\/uploads\/sites\/55\/iglesia_1-1.png\"><img loading=\"lazy\" decoding=\"async\" width=\"1024\" height=\"683\" data-id=\"27462\" src=\"https:\/\/www.imer.mx\/interferencia\/wp-content\/uploads\/sites\/55\/iglesia_1-1-1024x683.png\" alt=\"\" class=\"wp-image-27462\" srcset=\"https:\/\/www.imer.mx\/interferencia\/wp-content\/uploads\/sites\/55\/iglesia_1-1-1024x683.png 1024w, https:\/\/www.imer.mx\/interferencia\/wp-content\/uploads\/sites\/55\/iglesia_1-1-300x200.png 300w, https:\/\/www.imer.mx\/interferencia\/wp-content\/uploads\/sites\/55\/iglesia_1-1-768x512.png 768w, https:\/\/www.imer.mx\/interferencia\/wp-content\/uploads\/sites\/55\/iglesia_1-1-1536x1024.png 1536w, https:\/\/www.imer.mx\/interferencia\/wp-content\/uploads\/sites\/55\/iglesia_1-1-2048x1365.png 2048w\" sizes=\"auto, (max-width: 1024px) 100vw, 1024px\" \/><\/a><\/figure>\n\n\n\n<figure class=\"wp-block-image size-large\"><a href=\"https:\/\/www.imer.mx\/interferencia\/wp-content\/uploads\/sites\/55\/iglesia_2-1.png\"><img loading=\"lazy\" decoding=\"async\" width=\"1024\" height=\"683\" data-id=\"27461\" src=\"https:\/\/www.imer.mx\/interferencia\/wp-content\/uploads\/sites\/55\/iglesia_2-1-1024x683.png\" alt=\"\" class=\"wp-image-27461\" srcset=\"https:\/\/www.imer.mx\/interferencia\/wp-content\/uploads\/sites\/55\/iglesia_2-1-1024x683.png 1024w, https:\/\/www.imer.mx\/interferencia\/wp-content\/uploads\/sites\/55\/iglesia_2-1-300x200.png 300w, https:\/\/www.imer.mx\/interferencia\/wp-content\/uploads\/sites\/55\/iglesia_2-1-768x512.png 768w, https:\/\/www.imer.mx\/interferencia\/wp-content\/uploads\/sites\/55\/iglesia_2-1-1536x1024.png 1536w, https:\/\/www.imer.mx\/interferencia\/wp-content\/uploads\/sites\/55\/iglesia_2-1-2048x1365.png 2048w\" sizes=\"auto, (max-width: 1024px) 100vw, 1024px\" \/><\/a><\/figure>\n\n\n\n<figure class=\"wp-block-image size-large\"><a href=\"https:\/\/www.imer.mx\/interferencia\/wp-content\/uploads\/sites\/55\/iglesia_3-1.png\"><img loading=\"lazy\" decoding=\"async\" width=\"1024\" height=\"683\" data-id=\"27463\" src=\"https:\/\/www.imer.mx\/interferencia\/wp-content\/uploads\/sites\/55\/iglesia_3-1-1024x683.png\" alt=\"\" class=\"wp-image-27463\" srcset=\"https:\/\/www.imer.mx\/interferencia\/wp-content\/uploads\/sites\/55\/iglesia_3-1-1024x683.png 1024w, https:\/\/www.imer.mx\/interferencia\/wp-content\/uploads\/sites\/55\/iglesia_3-1-300x200.png 300w, https:\/\/www.imer.mx\/interferencia\/wp-content\/uploads\/sites\/55\/iglesia_3-1-768x512.png 768w, https:\/\/www.imer.mx\/interferencia\/wp-content\/uploads\/sites\/55\/iglesia_3-1-1536x1024.png 1536w, https:\/\/www.imer.mx\/interferencia\/wp-content\/uploads\/sites\/55\/iglesia_3-1-2048x1365.png 2048w\" sizes=\"auto, (max-width: 1024px) 100vw, 1024px\" \/><\/a><\/figure>\n<\/figure>\n\n\n\n<p>Pareciera que los alientos son ese lamento del duelo ante la muerte, pero con la suficiente fuerza para continuar hacia la vida y el otro mundo, las percusiones son pesadas y el mismo ritmo de los metales pareciera que nos hace arrastrarnos en este camino hacia lo desconocido.<\/p>\n\n\n\n<p>As\u00ed transcurri\u00f3\u00a0un concierto \u00fanico en el que pudimos disfrutar de esta m\u00fasica fuera de su contexto original, pero permeados con la sensaci\u00f3n inherente a ella.<\/p>\n\n\n\n<p>Espect\u00e1culos\u00a0que suceden en la riqueza cultural del <strong>Festival Internacional Cervantino 2024.<\/strong>\u00a0<\/p>\n\n\n\n<figure class=\"wp-block-gallery has-nested-images columns-default is-cropped wp-block-gallery-2 is-layout-flex wp-block-gallery-is-layout-flex\">\n<figure class=\"wp-block-image size-large\"><a href=\"https:\/\/www.imer.mx\/interferencia\/wp-content\/uploads\/sites\/55\/iglesia_4-1.png\"><img loading=\"lazy\" decoding=\"async\" width=\"1024\" height=\"683\" data-id=\"27465\" src=\"https:\/\/www.imer.mx\/interferencia\/wp-content\/uploads\/sites\/55\/iglesia_4-1-1024x683.png\" alt=\"\" class=\"wp-image-27465\" srcset=\"https:\/\/www.imer.mx\/interferencia\/wp-content\/uploads\/sites\/55\/iglesia_4-1-1024x683.png 1024w, https:\/\/www.imer.mx\/interferencia\/wp-content\/uploads\/sites\/55\/iglesia_4-1-300x200.png 300w, https:\/\/www.imer.mx\/interferencia\/wp-content\/uploads\/sites\/55\/iglesia_4-1-768x512.png 768w, https:\/\/www.imer.mx\/interferencia\/wp-content\/uploads\/sites\/55\/iglesia_4-1-1536x1024.png 1536w, https:\/\/www.imer.mx\/interferencia\/wp-content\/uploads\/sites\/55\/iglesia_4-1-2048x1365.png 2048w\" sizes=\"auto, (max-width: 1024px) 100vw, 1024px\" \/><\/a><\/figure>\n\n\n\n<figure class=\"wp-block-image size-large\"><a href=\"https:\/\/www.imer.mx\/interferencia\/wp-content\/uploads\/sites\/55\/iglesia_5-1.png\"><img loading=\"lazy\" decoding=\"async\" width=\"1024\" height=\"683\" data-id=\"27466\" src=\"https:\/\/www.imer.mx\/interferencia\/wp-content\/uploads\/sites\/55\/iglesia_5-1-1024x683.png\" alt=\"\" class=\"wp-image-27466\" srcset=\"https:\/\/www.imer.mx\/interferencia\/wp-content\/uploads\/sites\/55\/iglesia_5-1-1024x683.png 1024w, https:\/\/www.imer.mx\/interferencia\/wp-content\/uploads\/sites\/55\/iglesia_5-1-300x200.png 300w, https:\/\/www.imer.mx\/interferencia\/wp-content\/uploads\/sites\/55\/iglesia_5-1-768x512.png 768w, https:\/\/www.imer.mx\/interferencia\/wp-content\/uploads\/sites\/55\/iglesia_5-1-1536x1024.png 1536w, https:\/\/www.imer.mx\/interferencia\/wp-content\/uploads\/sites\/55\/iglesia_5-1-2048x1365.png 2048w\" sizes=\"auto, (max-width: 1024px) 100vw, 1024px\" \/><\/a><\/figure>\n\n\n\n<figure class=\"wp-block-image size-large\"><a href=\"https:\/\/www.imer.mx\/interferencia\/wp-content\/uploads\/sites\/55\/iglesia_6-1.png\"><img loading=\"lazy\" decoding=\"async\" width=\"1024\" height=\"683\" data-id=\"27464\" src=\"https:\/\/www.imer.mx\/interferencia\/wp-content\/uploads\/sites\/55\/iglesia_6-1-1024x683.png\" alt=\"\" class=\"wp-image-27464\" srcset=\"https:\/\/www.imer.mx\/interferencia\/wp-content\/uploads\/sites\/55\/iglesia_6-1-1024x683.png 1024w, https:\/\/www.imer.mx\/interferencia\/wp-content\/uploads\/sites\/55\/iglesia_6-1-300x200.png 300w, https:\/\/www.imer.mx\/interferencia\/wp-content\/uploads\/sites\/55\/iglesia_6-1-768x512.png 768w, https:\/\/www.imer.mx\/interferencia\/wp-content\/uploads\/sites\/55\/iglesia_6-1-1536x1024.png 1536w, https:\/\/www.imer.mx\/interferencia\/wp-content\/uploads\/sites\/55\/iglesia_6-1-2048x1365.png 2048w\" sizes=\"auto, (max-width: 1024px) 100vw, 1024px\" \/><\/a><\/figure>\n<\/figure>\n\n\n\n<p><\/p>\n","protected":false},"excerpt":{"rendered":"<p>El ensamble de metales de\u00a0la\u00a0banda de m\u00fasica del estado de Oaxaca\u00a0se present\u00f3 el viernes 25 de octubre en el templo de la compa\u00f1\u00eda de Jes\u00fas Oratorio de San Felipe Neri.<\/p>\n","protected":false},"author":214,"featured_media":27454,"comment_status":"open","ping_status":"open","sticky":false,"template":"","format":"standard","meta":{"wp_popup_display_lightbox":0,"wp_popup_suppress":"","wp_popup_trigger":"","wp_popup_trigger_amount":0,"wp_popup_disable_on_mobile":false,"footnotes":""},"categories":[1,147],"tags":[763,764],"class_list":["post-27453","post","type-post","status-publish","format-standard","has-post-thumbnail","hentry","category-interferencia","category-categoria-uno","tag-festival-cervantino","tag-oaxaca","category-1","category-147","description-off"],"_links":{"self":[{"href":"https:\/\/www.imer.mx\/interferencia\/wp-json\/wp\/v2\/posts\/27453","targetHints":{"allow":["GET"]}}],"collection":[{"href":"https:\/\/www.imer.mx\/interferencia\/wp-json\/wp\/v2\/posts"}],"about":[{"href":"https:\/\/www.imer.mx\/interferencia\/wp-json\/wp\/v2\/types\/post"}],"author":[{"embeddable":true,"href":"https:\/\/www.imer.mx\/interferencia\/wp-json\/wp\/v2\/users\/214"}],"replies":[{"embeddable":true,"href":"https:\/\/www.imer.mx\/interferencia\/wp-json\/wp\/v2\/comments?post=27453"}],"version-history":[{"count":1,"href":"https:\/\/www.imer.mx\/interferencia\/wp-json\/wp\/v2\/posts\/27453\/revisions"}],"predecessor-version":[{"id":27467,"href":"https:\/\/www.imer.mx\/interferencia\/wp-json\/wp\/v2\/posts\/27453\/revisions\/27467"}],"wp:featuredmedia":[{"embeddable":true,"href":"https:\/\/www.imer.mx\/interferencia\/wp-json\/wp\/v2\/media\/27454"}],"wp:attachment":[{"href":"https:\/\/www.imer.mx\/interferencia\/wp-json\/wp\/v2\/media?parent=27453"}],"wp:term":[{"taxonomy":"category","embeddable":true,"href":"https:\/\/www.imer.mx\/interferencia\/wp-json\/wp\/v2\/categories?post=27453"},{"taxonomy":"post_tag","embeddable":true,"href":"https:\/\/www.imer.mx\/interferencia\/wp-json\/wp\/v2\/tags?post=27453"}],"curies":[{"name":"wp","href":"https:\/\/api.w.org\/{rel}","templated":true}]}}