{"id":27431,"date":"2024-10-18T15:24:54","date_gmt":"2024-10-18T21:24:54","guid":{"rendered":"https:\/\/www.imer.mx\/interferencia\/?p=27431"},"modified":"2024-10-18T15:24:56","modified_gmt":"2024-10-18T21:24:56","slug":"todo-el-sonido-psicodelico-de-boogarins-en-el-hov","status":"publish","type":"post","link":"https:\/\/www.imer.mx\/interferencia\/todo-el-sonido-psicodelico-de-boogarins-en-el-hov\/","title":{"rendered":"Todo el sonido\u00a0psicod\u00e9lico\u00a0de\u00a0Boogarins\u00a0en el\u00a0HoV"},"content":{"rendered":"\n<p><strong>Texto: Uriel Villase\u00f1or|Fotograf\u00edas Marina D\u00edaz<\/strong><\/p>\n\n\n\n<p>El pasado 11 de octubre nos&nbsp;lanzamos&nbsp;al House&nbsp;ofVans para disfrutar de una noche cargada de guitarras distorsionadas,&nbsp;visuales&nbsp;hipn\u00f3ticos&nbsp;y&nbsp;<strong>una vibra que simplemente desbordaba energ\u00eda<\/strong>. Los encargados de encender la noche fueron los brasile\u00f1os de&nbsp;Boogarins, una banda de&nbsp;<strong>indie psicod\u00e9lico<\/strong>&nbsp;que ha dejado su huella en la escena musical&nbsp;brasile\u00f1a&nbsp;e internacional&nbsp;desde&nbsp;hace&nbsp;m\u00e1s de una d\u00e9cada.<\/p>\n\n\n\n<p>Con una trayectoria s\u00f3lida y un sonido inconfundible,&nbsp;Boogarins&nbsp;sigue explorando y reinvent\u00e1ndose.&nbsp;Desde su cl\u00e1sico \u00e1lbum&nbsp;<em>As Plantas Que&nbsp;<\/em><em>Curam<\/em>, que este a\u00f1o celebra su&nbsp;<strong>d\u00e9cimo aniversario<\/strong>&nbsp;con una versi\u00f3n especial, hasta sus coqueteos con g\u00e9neros como el&nbsp;post-punk&nbsp;y la psicodelia, la banda dej\u00f3 claro que su evoluci\u00f3n musical est\u00e1 m\u00e1s viva que nunca.<\/p>\n\n\n\n<p>A la&nbsp;noche se sumaron dos presentaciones m\u00e1s a cargo de&nbsp;<strong>Melts<\/strong><strong>&nbsp;y Siglo Vac\u00edo<\/strong>, dos propuestas locales que nos regalaron&nbsp;<strong>lo mejor del&nbsp;<\/strong><strong>shoegaze<\/strong><strong>&nbsp;y el&nbsp;<\/strong><strong>dream<\/strong><strong>pop<\/strong>&nbsp;nacional. Ambas bandas demostraron que en la escena mexicana hay talento y creatividad de sobra, creando una atm\u00f3sfera perfecta para los amantes de los sonidos envolventes y nost\u00e1lgicos.<\/p>\n\n\n\n<p>Como ya nos tiene acostumbrados este\u00a0venue,\u00a0<strong>el evento\u00a0fue gratuito<\/strong>\u00a0con un registro d\u00edas antes del evento,\u00a0<strong>logrando agotar todos los accesos<\/strong>.<\/p>\n\n\n\n<figure class=\"wp-block-gallery has-nested-images columns-default is-cropped wp-block-gallery-1 is-layout-flex wp-block-gallery-is-layout-flex\">\n<figure class=\"wp-block-image size-large\"><a href=\"https:\/\/www.imer.mx\/interferencia\/wp-content\/uploads\/sites\/55\/IMG_3824.jpg\"><img loading=\"lazy\" decoding=\"async\" width=\"683\" height=\"1024\" data-id=\"27433\" src=\"https:\/\/www.imer.mx\/interferencia\/wp-content\/uploads\/sites\/55\/IMG_3824-683x1024.jpg\" alt=\"\" class=\"wp-image-27433\" srcset=\"https:\/\/www.imer.mx\/interferencia\/wp-content\/uploads\/sites\/55\/IMG_3824-683x1024.jpg 683w, https:\/\/www.imer.mx\/interferencia\/wp-content\/uploads\/sites\/55\/IMG_3824-200x300.jpg 200w, https:\/\/www.imer.mx\/interferencia\/wp-content\/uploads\/sites\/55\/IMG_3824-768x1152.jpg 768w, https:\/\/www.imer.mx\/interferencia\/wp-content\/uploads\/sites\/55\/IMG_3824.jpg 900w\" sizes=\"auto, (max-width: 683px) 100vw, 683px\" \/><\/a><\/figure>\n\n\n\n<figure class=\"wp-block-image size-large\"><a href=\"https:\/\/www.imer.mx\/interferencia\/wp-content\/uploads\/sites\/55\/IMG_3844.jpg\"><img loading=\"lazy\" decoding=\"async\" width=\"683\" height=\"1024\" data-id=\"27434\" src=\"https:\/\/www.imer.mx\/interferencia\/wp-content\/uploads\/sites\/55\/IMG_3844-683x1024.jpg\" alt=\"\" class=\"wp-image-27434\" srcset=\"https:\/\/www.imer.mx\/interferencia\/wp-content\/uploads\/sites\/55\/IMG_3844-683x1024.jpg 683w, https:\/\/www.imer.mx\/interferencia\/wp-content\/uploads\/sites\/55\/IMG_3844-200x300.jpg 200w, https:\/\/www.imer.mx\/interferencia\/wp-content\/uploads\/sites\/55\/IMG_3844-768x1152.jpg 768w, https:\/\/www.imer.mx\/interferencia\/wp-content\/uploads\/sites\/55\/IMG_3844.jpg 900w\" sizes=\"auto, (max-width: 683px) 100vw, 683px\" \/><\/a><\/figure>\n\n\n\n<figure class=\"wp-block-image size-large\"><a href=\"https:\/\/www.imer.mx\/interferencia\/wp-content\/uploads\/sites\/55\/IMG_3852.jpg\"><img loading=\"lazy\" decoding=\"async\" width=\"683\" height=\"1024\" data-id=\"27435\" src=\"https:\/\/www.imer.mx\/interferencia\/wp-content\/uploads\/sites\/55\/IMG_3852-683x1024.jpg\" alt=\"\" class=\"wp-image-27435\" srcset=\"https:\/\/www.imer.mx\/interferencia\/wp-content\/uploads\/sites\/55\/IMG_3852-683x1024.jpg 683w, https:\/\/www.imer.mx\/interferencia\/wp-content\/uploads\/sites\/55\/IMG_3852-200x300.jpg 200w, https:\/\/www.imer.mx\/interferencia\/wp-content\/uploads\/sites\/55\/IMG_3852-768x1152.jpg 768w, https:\/\/www.imer.mx\/interferencia\/wp-content\/uploads\/sites\/55\/IMG_3852.jpg 900w\" sizes=\"auto, (max-width: 683px) 100vw, 683px\" \/><\/a><\/figure>\n\n\n\n<figure class=\"wp-block-image size-large\"><a href=\"https:\/\/www.imer.mx\/interferencia\/wp-content\/uploads\/sites\/55\/IMG_3859.jpg\"><img loading=\"lazy\" decoding=\"async\" width=\"683\" height=\"1024\" data-id=\"27436\" src=\"https:\/\/www.imer.mx\/interferencia\/wp-content\/uploads\/sites\/55\/IMG_3859-683x1024.jpg\" alt=\"\" class=\"wp-image-27436\" srcset=\"https:\/\/www.imer.mx\/interferencia\/wp-content\/uploads\/sites\/55\/IMG_3859-683x1024.jpg 683w, https:\/\/www.imer.mx\/interferencia\/wp-content\/uploads\/sites\/55\/IMG_3859-200x300.jpg 200w, https:\/\/www.imer.mx\/interferencia\/wp-content\/uploads\/sites\/55\/IMG_3859-768x1152.jpg 768w, https:\/\/www.imer.mx\/interferencia\/wp-content\/uploads\/sites\/55\/IMG_3859.jpg 900w\" sizes=\"auto, (max-width: 683px) 100vw, 683px\" \/><\/a><\/figure>\n\n\n\n<figure class=\"wp-block-image size-large\"><a href=\"https:\/\/www.imer.mx\/interferencia\/wp-content\/uploads\/sites\/55\/IMG_3873.jpg\"><img loading=\"lazy\" decoding=\"async\" width=\"683\" height=\"1024\" data-id=\"27437\" src=\"https:\/\/www.imer.mx\/interferencia\/wp-content\/uploads\/sites\/55\/IMG_3873-683x1024.jpg\" alt=\"\" class=\"wp-image-27437\" srcset=\"https:\/\/www.imer.mx\/interferencia\/wp-content\/uploads\/sites\/55\/IMG_3873-683x1024.jpg 683w, https:\/\/www.imer.mx\/interferencia\/wp-content\/uploads\/sites\/55\/IMG_3873-200x300.jpg 200w, https:\/\/www.imer.mx\/interferencia\/wp-content\/uploads\/sites\/55\/IMG_3873-768x1152.jpg 768w, https:\/\/www.imer.mx\/interferencia\/wp-content\/uploads\/sites\/55\/IMG_3873.jpg 900w\" sizes=\"auto, (max-width: 683px) 100vw, 683px\" \/><\/a><\/figure>\n\n\n\n<figure class=\"wp-block-image size-large\"><a href=\"https:\/\/www.imer.mx\/interferencia\/wp-content\/uploads\/sites\/55\/IMG_3883.jpg\"><img loading=\"lazy\" decoding=\"async\" width=\"849\" height=\"566\" data-id=\"27438\" src=\"https:\/\/www.imer.mx\/interferencia\/wp-content\/uploads\/sites\/55\/IMG_3883.jpg\" alt=\"\" class=\"wp-image-27438\" srcset=\"https:\/\/www.imer.mx\/interferencia\/wp-content\/uploads\/sites\/55\/IMG_3883.jpg 849w, https:\/\/www.imer.mx\/interferencia\/wp-content\/uploads\/sites\/55\/IMG_3883-300x200.jpg 300w, https:\/\/www.imer.mx\/interferencia\/wp-content\/uploads\/sites\/55\/IMG_3883-768x512.jpg 768w\" sizes=\"auto, (max-width: 849px) 100vw, 849px\" \/><\/a><\/figure>\n<\/figure>\n\n\n\n<p>Sin duda fue una noche muy especial para todos los amantes de la banda brasile\u00f1a la cu\u00e1l siempre se mostr\u00f3 agradecida con el p\u00fablico mexicano, llegando incluso a estar entre el p\u00fablico conviviendo previo a su presentaci\u00f3n.<\/p>\n\n\n\n<p>Ahora, solo nos queda esperar su pr\u00f3xima presentaci\u00f3n en el&nbsp;<strong>festival Hipnosis&nbsp;<\/strong>el&nbsp;pr\u00f3ximo<strong>&nbsp;<\/strong><strong>2 de noviembre<\/strong>, donde seguramente volver\u00e1n a hacer vibrar a sus seguidores con su caracter\u00edstico estilo.<\/p>\n","protected":false},"excerpt":{"rendered":"<p>El pasado 11 de octubre nos lanzamos al House ofVans para disfrutar de una noche cargada de guitarras distorsionadas, visuales hipn\u00f3ticos y una vibra que simplemente desbordaba energ\u00eda. Los encargados de encender la noche fueron los brasile\u00f1os de Boogarins, una banda de indie psicod\u00e9lico que ha dejado su huella en la escena musical brasile\u00f1a e internacional desde hace m\u00e1s de una d\u00e9cada.<\/p>\n","protected":false},"author":214,"featured_media":27432,"comment_status":"open","ping_status":"open","sticky":false,"template":"","format":"standard","meta":{"wp_popup_display_lightbox":0,"wp_popup_suppress":"","wp_popup_trigger":"","wp_popup_trigger_amount":0,"wp_popup_disable_on_mobile":false,"footnotes":""},"categories":[1,150,147],"tags":[761,281,470],"class_list":["post-27431","post","type-post","status-publish","format-standard","has-post-thumbnail","hentry","category-interferencia","category-novedades","category-categoria-uno","tag-boogarins","tag-house-of-vans","tag-rock","category-1","category-150","category-147","description-off"],"_links":{"self":[{"href":"https:\/\/www.imer.mx\/interferencia\/wp-json\/wp\/v2\/posts\/27431","targetHints":{"allow":["GET"]}}],"collection":[{"href":"https:\/\/www.imer.mx\/interferencia\/wp-json\/wp\/v2\/posts"}],"about":[{"href":"https:\/\/www.imer.mx\/interferencia\/wp-json\/wp\/v2\/types\/post"}],"author":[{"embeddable":true,"href":"https:\/\/www.imer.mx\/interferencia\/wp-json\/wp\/v2\/users\/214"}],"replies":[{"embeddable":true,"href":"https:\/\/www.imer.mx\/interferencia\/wp-json\/wp\/v2\/comments?post=27431"}],"version-history":[{"count":1,"href":"https:\/\/www.imer.mx\/interferencia\/wp-json\/wp\/v2\/posts\/27431\/revisions"}],"predecessor-version":[{"id":27440,"href":"https:\/\/www.imer.mx\/interferencia\/wp-json\/wp\/v2\/posts\/27431\/revisions\/27440"}],"wp:featuredmedia":[{"embeddable":true,"href":"https:\/\/www.imer.mx\/interferencia\/wp-json\/wp\/v2\/media\/27432"}],"wp:attachment":[{"href":"https:\/\/www.imer.mx\/interferencia\/wp-json\/wp\/v2\/media?parent=27431"}],"wp:term":[{"taxonomy":"category","embeddable":true,"href":"https:\/\/www.imer.mx\/interferencia\/wp-json\/wp\/v2\/categories?post=27431"},{"taxonomy":"post_tag","embeddable":true,"href":"https:\/\/www.imer.mx\/interferencia\/wp-json\/wp\/v2\/tags?post=27431"}],"curies":[{"name":"wp","href":"https:\/\/api.w.org\/{rel}","templated":true}]}}