{"id":27415,"date":"2024-10-07T10:55:26","date_gmt":"2024-10-07T16:55:26","guid":{"rendered":"https:\/\/www.imer.mx\/interferencia\/?p=27415"},"modified":"2024-10-07T10:55:28","modified_gmt":"2024-10-07T16:55:28","slug":"stop-making-sense-una-maquina-del-tiempo","status":"publish","type":"post","link":"https:\/\/www.imer.mx\/interferencia\/stop-making-sense-una-maquina-del-tiempo\/","title":{"rendered":"Stop Making Sense, una maquina del tiempo"},"content":{"rendered":"\n<p><strong>Texto: Rich \u00c1lvarez<\/strong><\/p>\n\n\n\n<p>La respuesta es muy sencilla, hay que correr a ver, y escuchar, esta grabaci\u00f3n porque es una inigualable oportunidad para viajar cuarenta a\u00f1os atr\u00e1s y revivir la \u00e9poca efervescente de<strong> Talking Heads.\u00a0<\/strong><\/p>\n\n\n\n<p>A finales 1983 la banda que lider\u00f3<strong> David Byrne<\/strong>, se encontraba promocionando su \u00e1lbum <strong>Speaking in Tongues<\/strong>. Durante sus presentaciones, en diciembre de ese a\u00f1o, en el Teatro Pantages de Hollywood el director de cine Jonathan Demme propuso a Gary Kurfirst y a la banda filmar estos conciertos. El resultado de ese rodaje fue un memorable y valioso registro videogr\u00e1fico y sonoro llamado Stop Making Sense.\u00a0<\/p>\n\n\n<div class=\"wp-block-image\">\n<figure class=\"alignleft size-large is-resized\"><img loading=\"lazy\" decoding=\"async\" src=\"https:\/\/www.imer.mx\/interferencia\/wp-content\/uploads\/sites\/55\/WhatsApp-Image-2024-10-02-at-12.04.13-PM-717x1024.jpeg\" alt=\"\" class=\"wp-image-27417\" width=\"335\" height=\"478\" srcset=\"https:\/\/www.imer.mx\/interferencia\/wp-content\/uploads\/sites\/55\/WhatsApp-Image-2024-10-02-at-12.04.13-PM-717x1024.jpeg 717w, https:\/\/www.imer.mx\/interferencia\/wp-content\/uploads\/sites\/55\/WhatsApp-Image-2024-10-02-at-12.04.13-PM-210x300.jpeg 210w, https:\/\/www.imer.mx\/interferencia\/wp-content\/uploads\/sites\/55\/WhatsApp-Image-2024-10-02-at-12.04.13-PM-768x1097.jpeg 768w, https:\/\/www.imer.mx\/interferencia\/wp-content\/uploads\/sites\/55\/WhatsApp-Image-2024-10-02-at-12.04.13-PM.jpeg 896w\" sizes=\"auto, (max-width: 335px) 100vw, 335px\" \/><\/figure>\n<\/div>\n\n\n<p>La cinta esta repleta de momentos ic\u00f3nicos de la banda, dejando notar su creatividad, energ\u00eda, entusiasmo, dinamismo y la potencia que transmit\u00edan y contagiaban al tocar en vivo. David Byrne, que para ese momento apenas rebasaba los 30 a\u00f1os, roba la atenci\u00f3n en todo momento con sus pasos de baile inigualables, su vestimenta y la forma en la que se apropia del escenario. Hay que tener presente que esto fue grabado en los a\u00f1os ochenta, los recursos tecnol\u00f3gicos, en comparaci\u00f3n con la actualidad, eran limitados. A\u00fan as\u00ed, sorprende la manera en la que Demme captur\u00f3 la esencia de la banda y la forma en que aprovech\u00f3 cada herramienta que el mismo teatro proporcionaba para obtener im\u00e1genes \u00fanicas, y muy seguro, novedosas para su tiempo.\u00a0<\/p>\n\n\n\n<p>Esta pel\u00edcula se estreno en 1984 y se convirti\u00f3 en un cl\u00e1sico y en uno de los mejores conciertos en vivo. Cuarenta a\u00f1os despu\u00e9s, es momento de revivir, en un formato restaurado en 4K, esta serie de presentaciones que contiene cl\u00e1sicos muy importantes de Talking Heads.&nbsp;<\/p>\n\n\n\n<p>La emoci\u00f3n e impresi\u00f3n de ver en pantalla grande este show te llevar\u00e1 a sentir que retrocediste en el tiempo, sin importar que seas m\u00e1s joven. No es necesario conocer todas las canciones o ser un fan entregado a Byrne y su banda, pues descubrir\u00e1s que m\u00e1s de tres canciones en alg\u00fan momento de tu vida has escuchado. Y si eres un gran conocedor y fan de Talking Heads no hay excusa para perderse esta oportunidad en la cual no dejar\u00e1s de mover los pies o la cabeza, quiz\u00e1 hasta te den ganas de bailar, aplaudir y gritar. Sea cual sea tu posici\u00f3n, si el cuerpo pide moverse, no tengas miedo, no ser\u00e1s la \u00fanica persona en la sala con esa misma sensaci\u00f3n.&nbsp;<\/p>\n\n\n\n<p>La pel\u00edcula, que ha sido restaurada por A24 y distribuida por Pimienta Films, se estrena en diferentes salas de cine del pa\u00eds el 3 de octubre. Para conocer las salas y conseguir entradas, te sugerimos consultar la informaci\u00f3n en:&nbsp;<a rel=\"noreferrer noopener\" target=\"_blank\" href=\"https:\/\/cinepolis.com\/pelicula\/stop-making-sense\">https:\/\/cinepolis.com\/pelicula\/stop-making-sense<\/a><\/p>\n","protected":false},"excerpt":{"rendered":"<p>A finales 1983 la banda que lider\u00f3 David Byrne, se encontraba promocionando su \u00e1lbum Speaking in Tongues. Durante sus presentaciones, en diciembre de ese a\u00f1o, en el Teatro Pantages de Hollywood el director de cine Jonathan Demme propuso a Gary Kurfirst y a la banda filmar estos conciertos.<\/p>\n","protected":false},"author":214,"featured_media":27416,"comment_status":"open","ping_status":"open","sticky":false,"template":"","format":"standard","meta":{"wp_popup_display_lightbox":0,"wp_popup_suppress":"","wp_popup_trigger":"","wp_popup_trigger_amount":0,"wp_popup_disable_on_mobile":false,"footnotes":""},"categories":[1,147],"tags":[759,577],"class_list":["post-27415","post","type-post","status-publish","format-standard","has-post-thumbnail","hentry","category-interferencia","category-categoria-uno","tag-david-byrne","tag-talking-heads","category-1","category-147","description-off"],"_links":{"self":[{"href":"https:\/\/www.imer.mx\/interferencia\/wp-json\/wp\/v2\/posts\/27415","targetHints":{"allow":["GET"]}}],"collection":[{"href":"https:\/\/www.imer.mx\/interferencia\/wp-json\/wp\/v2\/posts"}],"about":[{"href":"https:\/\/www.imer.mx\/interferencia\/wp-json\/wp\/v2\/types\/post"}],"author":[{"embeddable":true,"href":"https:\/\/www.imer.mx\/interferencia\/wp-json\/wp\/v2\/users\/214"}],"replies":[{"embeddable":true,"href":"https:\/\/www.imer.mx\/interferencia\/wp-json\/wp\/v2\/comments?post=27415"}],"version-history":[{"count":1,"href":"https:\/\/www.imer.mx\/interferencia\/wp-json\/wp\/v2\/posts\/27415\/revisions"}],"predecessor-version":[{"id":27418,"href":"https:\/\/www.imer.mx\/interferencia\/wp-json\/wp\/v2\/posts\/27415\/revisions\/27418"}],"wp:featuredmedia":[{"embeddable":true,"href":"https:\/\/www.imer.mx\/interferencia\/wp-json\/wp\/v2\/media\/27416"}],"wp:attachment":[{"href":"https:\/\/www.imer.mx\/interferencia\/wp-json\/wp\/v2\/media?parent=27415"}],"wp:term":[{"taxonomy":"category","embeddable":true,"href":"https:\/\/www.imer.mx\/interferencia\/wp-json\/wp\/v2\/categories?post=27415"},{"taxonomy":"post_tag","embeddable":true,"href":"https:\/\/www.imer.mx\/interferencia\/wp-json\/wp\/v2\/tags?post=27415"}],"curies":[{"name":"wp","href":"https:\/\/api.w.org\/{rel}","templated":true}]}}