{"id":27069,"date":"2024-04-10T13:53:18","date_gmt":"2024-04-10T19:53:18","guid":{"rendered":"https:\/\/www.imer.mx\/interferencia\/?p=27069"},"modified":"2024-12-02T19:16:01","modified_gmt":"2024-12-03T01:16:01","slug":"orion-el-duo-espanol-que-la-esta-rompiendo","status":"publish","type":"post","link":"https:\/\/www.imer.mx\/interferencia\/orion-el-duo-espanol-que-la-esta-rompiendo\/","title":{"rendered":"Ori\u00f3n, el d\u00fao espa\u00f1ol que la est\u00e1 rompiendo"},"content":{"rendered":"\n<p><strong>Texto: Rodrigo Rivera<\/strong><\/p>\n\n\n\n<p>Un espect\u00e1culo lleno de intensidad y emociones, los asistentes mexicanos llevaban tiempo esperando el regreso de Jorge Loma y Matteo Motolese, a la <strong>Ciudad de M\u00e9xico<\/strong>, como \u00faltimo show de la gira \u201c<strong>El Nudo Tour<\/strong>\u201d, los chicos pusieron a saltar al <strong>Foro Indie Rocks!<\/strong><\/p>\n\n\n\n<p>Fue el pasado 7 de abril cuando tuvimos la oportunidad de disfrutar la pasi\u00f3n de las canciones que forman parte de la trayectoria de <strong>Ori\u00f3n<\/strong>, tuvimos de todo, desde las m\u00e1s melanc\u00f3licas como \u201cTe Sigo Amando\u201d, las que nos pusieron a saltar como \u201cAp\u00e1game Las Luces\u201d y sacar toda la energ\u00eda y la canci\u00f3n m\u00e1s esperada de la noche&nbsp; \u201cLenguas Muertas\u201d.<\/p>\n\n\n\n<p>Comenzamos a las 8 con la presentaci\u00f3n de <strong>B Puntito<\/strong>, artista mexicana emergente que nos mostr\u00f3 su talento de composici\u00f3n y canto, terminamos con l\u00e1grimas en los ojos. Posteriormente los chicos de <strong>Molinette Cinema<\/strong> tuvieron la oportunidad de ser los segundos invitados de la noche y vaya que hab\u00edan muchos fans de ellos disfrutando de este 3&#215;1 de m\u00fasica, Puntito, Molinette Cinema y Ori\u00f3n, en un solo lugar.<\/p>\n\n\n\n<p>El p\u00fablico ya ambientado, luces y audio listo, y empez\u00f3 lo m\u00e1s esperado de la noche,vemos a Jorge y Mateo (integrantes de Ori\u00f3n) salir con un look muy caracter\u00edstico de elos, traje formado por saco y pantalon de vestir y una playera casual debajo, lentes negros que fueron lo que m\u00e1s llam\u00f3 la atenci\u00f3n.<\/p>\n\n\n\n<p>Si en algo se caracteriza la m\u00fasica de ese d\u00fao espa\u00f1ol es la pasi\u00f3n y sentimiento que maneja tanto en las letras como en la melod\u00eda, en este show supieron combinar estas dos caracter\u00edsticas incluyendo su carisma y su amor por el p\u00fablico.<\/p>\n\n\n\n<p>El concierto tuvo una duraci\u00f3n aproximada de una hora con cuarenta y cinco minutos, con sus debidos espacios entre canciones, una de las sorpresa fue que pudimos escuchar una canci\u00f3n in\u00e9dita que pronto saldr\u00e1 al p\u00fablico (pendientes), es una combinaci\u00f3n de pop\/rock que nos dej\u00f3 saltando toda la noche, seguro pronto recibiremos m\u00e1s noticias de este lanzamiento.<\/p>\n\n\n\n<p>Como lo mencionamos, todos esperamos la canci\u00f3n m\u00e1s escuchada de la banda con 15,049,088 en <strong>Spotify<\/strong>, \u201cLenguas Muertas\u201d, una canci\u00f3n muy especial para todos los fans, una duraci\u00f3n de 3:58, que pareci\u00f3 un peque\u00f1o momento, a\u00fan as\u00ed fue lo necesario para lograr terminar un show y una gira internacional.<\/p>\n\n\n\n<p>Sin duda, un gran espect\u00e1culo, Ori\u00f3n conect\u00f3 con M\u00e9xico de manera incre\u00edble.&nbsp;<\/p>\n\n\n\n<figure class=\"wp-block-gallery has-nested-images columns-default is-cropped wp-block-gallery-1 is-layout-flex wp-block-gallery-is-layout-flex\">\n<figure class=\"wp-block-image size-large\"><a href=\"https:\/\/www.imer.mx\/interferencia\/wp-content\/uploads\/sites\/55\/MG_3767-scaled.jpg\"><img loading=\"lazy\" decoding=\"async\" width=\"683\" height=\"1024\" data-id=\"27073\" src=\"https:\/\/www.imer.mx\/interferencia\/wp-content\/uploads\/sites\/55\/MG_3767-683x1024.jpg\" alt=\"\" class=\"wp-image-27073\" srcset=\"https:\/\/www.imer.mx\/interferencia\/wp-content\/uploads\/sites\/55\/MG_3767-683x1024.jpg 683w, https:\/\/www.imer.mx\/interferencia\/wp-content\/uploads\/sites\/55\/MG_3767-200x300.jpg 200w, https:\/\/www.imer.mx\/interferencia\/wp-content\/uploads\/sites\/55\/MG_3767-768x1152.jpg 768w, https:\/\/www.imer.mx\/interferencia\/wp-content\/uploads\/sites\/55\/MG_3767-1024x1536.jpg 1024w, https:\/\/www.imer.mx\/interferencia\/wp-content\/uploads\/sites\/55\/MG_3767-1365x2048.jpg 1365w, https:\/\/www.imer.mx\/interferencia\/wp-content\/uploads\/sites\/55\/MG_3767-scaled.jpg 1707w\" sizes=\"auto, (max-width: 683px) 100vw, 683px\" \/><\/a><\/figure>\n\n\n\n<figure class=\"wp-block-image size-large\"><a href=\"https:\/\/www.imer.mx\/interferencia\/wp-content\/uploads\/sites\/55\/MG_3713-scaled.jpg\"><img loading=\"lazy\" decoding=\"async\" width=\"1024\" height=\"683\" data-id=\"27074\" src=\"https:\/\/www.imer.mx\/interferencia\/wp-content\/uploads\/sites\/55\/MG_3713-1024x683.jpg\" alt=\"\" class=\"wp-image-27074\" srcset=\"https:\/\/www.imer.mx\/interferencia\/wp-content\/uploads\/sites\/55\/MG_3713-1024x683.jpg 1024w, https:\/\/www.imer.mx\/interferencia\/wp-content\/uploads\/sites\/55\/MG_3713-300x200.jpg 300w, https:\/\/www.imer.mx\/interferencia\/wp-content\/uploads\/sites\/55\/MG_3713-768x512.jpg 768w, https:\/\/www.imer.mx\/interferencia\/wp-content\/uploads\/sites\/55\/MG_3713-1536x1024.jpg 1536w, https:\/\/www.imer.mx\/interferencia\/wp-content\/uploads\/sites\/55\/MG_3713-2048x1365.jpg 2048w\" sizes=\"auto, (max-width: 1024px) 100vw, 1024px\" \/><\/a><\/figure>\n\n\n\n<figure class=\"wp-block-image size-large\"><a href=\"https:\/\/www.imer.mx\/interferencia\/wp-content\/uploads\/sites\/55\/MG_3703-scaled.jpg\"><img loading=\"lazy\" decoding=\"async\" width=\"1024\" height=\"683\" data-id=\"27075\" src=\"https:\/\/www.imer.mx\/interferencia\/wp-content\/uploads\/sites\/55\/MG_3703-1024x683.jpg\" alt=\"\" class=\"wp-image-27075\" srcset=\"https:\/\/www.imer.mx\/interferencia\/wp-content\/uploads\/sites\/55\/MG_3703-1024x683.jpg 1024w, https:\/\/www.imer.mx\/interferencia\/wp-content\/uploads\/sites\/55\/MG_3703-300x200.jpg 300w, https:\/\/www.imer.mx\/interferencia\/wp-content\/uploads\/sites\/55\/MG_3703-768x512.jpg 768w, https:\/\/www.imer.mx\/interferencia\/wp-content\/uploads\/sites\/55\/MG_3703-1536x1024.jpg 1536w, https:\/\/www.imer.mx\/interferencia\/wp-content\/uploads\/sites\/55\/MG_3703-2048x1365.jpg 2048w\" sizes=\"auto, (max-width: 1024px) 100vw, 1024px\" \/><\/a><\/figure>\n\n\n\n<figure class=\"wp-block-image size-large\"><a href=\"https:\/\/www.imer.mx\/interferencia\/wp-content\/uploads\/sites\/55\/MG_3701-scaled.jpg\"><img loading=\"lazy\" decoding=\"async\" width=\"683\" height=\"1024\" data-id=\"27076\" src=\"https:\/\/www.imer.mx\/interferencia\/wp-content\/uploads\/sites\/55\/MG_3701-683x1024.jpg\" alt=\"\" class=\"wp-image-27076\" srcset=\"https:\/\/www.imer.mx\/interferencia\/wp-content\/uploads\/sites\/55\/MG_3701-683x1024.jpg 683w, https:\/\/www.imer.mx\/interferencia\/wp-content\/uploads\/sites\/55\/MG_3701-200x300.jpg 200w, https:\/\/www.imer.mx\/interferencia\/wp-content\/uploads\/sites\/55\/MG_3701-768x1152.jpg 768w, https:\/\/www.imer.mx\/interferencia\/wp-content\/uploads\/sites\/55\/MG_3701-1024x1536.jpg 1024w, https:\/\/www.imer.mx\/interferencia\/wp-content\/uploads\/sites\/55\/MG_3701-1365x2048.jpg 1365w, https:\/\/www.imer.mx\/interferencia\/wp-content\/uploads\/sites\/55\/MG_3701-scaled.jpg 1707w\" sizes=\"auto, (max-width: 683px) 100vw, 683px\" \/><\/a><\/figure>\n<\/figure>\n","protected":false},"excerpt":{"rendered":"<p>El regreso de Jorge Loma y Matteo Motolese a la Ciudad de M\u00e9xico fue un verdadero espect\u00e1culo lleno de emociones. En el Foro Indie Rocks!, los fans esperaban ansiosos el \u00faltimo show de la gira &#8216;El Nudo Tour&#8217;. Desde las canciones m\u00e1s emotivas como &#8216;Te Sigo Amando&#8217; hasta las que nos hicieron saltar como &#8216;Ap\u00e1game Las Luces&#8217;, Ori\u00f3n nos hizo vibrar esa noche. Con un lineup de m\u00fasica que incluy\u00f3 a B Puntito y Molinette Cinema como teloneros, el p\u00fablico estaba m\u00e1s que listo para lo que vendr\u00eda a continuaci\u00f3n. Con su estilo caracter\u00edstico y su pasi\u00f3n desbordante, Jorge y Mateo nos entregaron una actuaci\u00f3n inolvidable, combinando letras profundas, melod\u00edas cautivadoras y un v\u00ednculo genuino con sus seguidores mexicanos.<\/p>\n","protected":false},"author":214,"featured_media":27074,"comment_status":"open","ping_status":"open","sticky":false,"template":"","format":"standard","meta":{"wp_popup_display_lightbox":0,"wp_popup_suppress":"","wp_popup_trigger":"","wp_popup_trigger_amount":0,"wp_popup_disable_on_mobile":false,"footnotes":""},"categories":[1,150],"tags":[688,469,687,686],"class_list":["post-27069","post","type-post","status-publish","format-standard","has-post-thumbnail","hentry","category-interferencia","category-novedades","tag-b-puntito","tag-indie-rocks","tag-molinette-cinema","tag-orion","category-1","category-150","description-off"],"_links":{"self":[{"href":"https:\/\/www.imer.mx\/interferencia\/wp-json\/wp\/v2\/posts\/27069","targetHints":{"allow":["GET"]}}],"collection":[{"href":"https:\/\/www.imer.mx\/interferencia\/wp-json\/wp\/v2\/posts"}],"about":[{"href":"https:\/\/www.imer.mx\/interferencia\/wp-json\/wp\/v2\/types\/post"}],"author":[{"embeddable":true,"href":"https:\/\/www.imer.mx\/interferencia\/wp-json\/wp\/v2\/users\/214"}],"replies":[{"embeddable":true,"href":"https:\/\/www.imer.mx\/interferencia\/wp-json\/wp\/v2\/comments?post=27069"}],"version-history":[{"count":2,"href":"https:\/\/www.imer.mx\/interferencia\/wp-json\/wp\/v2\/posts\/27069\/revisions"}],"predecessor-version":[{"id":27094,"href":"https:\/\/www.imer.mx\/interferencia\/wp-json\/wp\/v2\/posts\/27069\/revisions\/27094"}],"wp:featuredmedia":[{"embeddable":true,"href":"https:\/\/www.imer.mx\/interferencia\/wp-json\/wp\/v2\/media\/27074"}],"wp:attachment":[{"href":"https:\/\/www.imer.mx\/interferencia\/wp-json\/wp\/v2\/media?parent=27069"}],"wp:term":[{"taxonomy":"category","embeddable":true,"href":"https:\/\/www.imer.mx\/interferencia\/wp-json\/wp\/v2\/categories?post=27069"},{"taxonomy":"post_tag","embeddable":true,"href":"https:\/\/www.imer.mx\/interferencia\/wp-json\/wp\/v2\/tags?post=27069"}],"curies":[{"name":"wp","href":"https:\/\/api.w.org\/{rel}","templated":true}]}}