{"id":27047,"date":"2024-04-05T10:45:15","date_gmt":"2024-04-05T16:45:15","guid":{"rendered":"https:\/\/www.imer.mx\/interferencia\/?p=27047"},"modified":"2024-04-05T10:45:20","modified_gmt":"2024-04-05T16:45:20","slug":"entre-sueno-y-realidad-men-i-trust-en-ciudad-de-mexico","status":"publish","type":"post","link":"https:\/\/www.imer.mx\/interferencia\/entre-sueno-y-realidad-men-i-trust-en-ciudad-de-mexico\/","title":{"rendered":"Entre sue\u00f1o y realidad: Men I Trust en Ciudad de M\u00e9xico"},"content":{"rendered":"\n<p><strong>Texto: Jimena \u00c1lvarez<\/strong><\/p>\n\n\n\n<p>La primera vez que<strong> Men I Trust<\/strong> piso M\u00e9xico fue en el <strong>Corona Capital 2022<\/strong>, casi 2 a\u00f1os despu\u00e9s volvieron a la Ciudad, pero esta vez con un show en solitario en el <strong>Auditorio BB<\/strong>.<br><\/p>\n\n\n\n<p>La artista regiomontana <strong>Kirnbauer <\/strong>fue la encargada de abrir la noche apoder\u00e1ndose del escenario para deleitar con algunos de los temas de su EP \u201cAlgo Bien\u201d y con uno que otro de sus sencillos. A pesar de haber sido una presentaci\u00f3n corta y que dar\u00eda paso al acto esperando, la maravillosa voz y vibra de todo su espect\u00e1culo dej\u00f3 al p\u00fablico m\u00e1s que listo para lo que seguir\u00eda.<br><\/p>\n\n\n<div class=\"wp-block-image\">\n<figure class=\"aligncenter size-large is-resized\"><img loading=\"lazy\" decoding=\"async\" src=\"https:\/\/www.imer.mx\/interferencia\/wp-content\/uploads\/sites\/55\/image00003-5-1024x807.jpeg\" alt=\"\" class=\"wp-image-27049\" width=\"420\" height=\"331\" srcset=\"https:\/\/www.imer.mx\/interferencia\/wp-content\/uploads\/sites\/55\/image00003-5-1024x807.jpeg 1024w, https:\/\/www.imer.mx\/interferencia\/wp-content\/uploads\/sites\/55\/image00003-5-300x236.jpeg 300w, https:\/\/www.imer.mx\/interferencia\/wp-content\/uploads\/sites\/55\/image00003-5-768x605.jpeg 768w, https:\/\/www.imer.mx\/interferencia\/wp-content\/uploads\/sites\/55\/image00003-5-1536x1211.jpeg 1536w, https:\/\/www.imer.mx\/interferencia\/wp-content\/uploads\/sites\/55\/image00003-5-2048x1614.jpeg 2048w\" sizes=\"auto, (max-width: 420px) 100vw, 420px\" \/><figcaption class=\"wp-element-caption\">Kirnbauer<\/figcaption><\/figure>\n<\/div>\n\n\n<p>Cuando la espera termin\u00f3 y <strong>Jessy Caron, Dragos Chiriac <\/strong>y <strong>Emma Proulx <\/strong>subieron al escenario el p\u00fablico se sumergi\u00f3 en una maravillosa atmosfera on\u00edrica que permanecer\u00eda por la siguiente hora y media. Lo primero que pudimos disfrutar fue \u201cFiero GT\u201d seguido de \u201cTailwhip\u201d.<br><\/p>\n\n\n\n<p>El indie\/dream pop caracter\u00edstico de la banda canadiense hizo que entre canci\u00f3n y canci\u00f3n el ambiente se enterneciera como en un sue\u00f1o profundo entre nubes. Hay que decir que pocas voces coreaban las canciones, sin embargo, cada cuerpo se mov\u00eda a su ritmo.<\/p>\n\n\n\n<p>La noche no se deten\u00eda y poco a poco se empez\u00f3 a sentir el inevitable fin, pero no sin antes disfrutar aquellas canciones con las que muchos los conocimos, las ya cl\u00e1sicas \u201cTree Among Shrubs\u201d, \u201cSugar\u201d y \u201cShow Me How\u201d. Un encore marco el inicio del fin, \u201cSeven\u201d y \u201cBillie Toppy\u201d fueron las ultimas rolas que nos regalaron la noche del 2 de abril.<\/p>\n\n\n\n<figure class=\"wp-block-image size-large\"><img loading=\"lazy\" decoding=\"async\" width=\"1024\" height=\"731\" src=\"https:\/\/www.imer.mx\/interferencia\/wp-content\/uploads\/sites\/55\/image00002-5-1024x731.jpeg\" alt=\"\" class=\"wp-image-27050\" srcset=\"https:\/\/www.imer.mx\/interferencia\/wp-content\/uploads\/sites\/55\/image00002-5-1024x731.jpeg 1024w, https:\/\/www.imer.mx\/interferencia\/wp-content\/uploads\/sites\/55\/image00002-5-300x214.jpeg 300w, https:\/\/www.imer.mx\/interferencia\/wp-content\/uploads\/sites\/55\/image00002-5-768x549.jpeg 768w, https:\/\/www.imer.mx\/interferencia\/wp-content\/uploads\/sites\/55\/image00002-5-1536x1097.jpeg 1536w, https:\/\/www.imer.mx\/interferencia\/wp-content\/uploads\/sites\/55\/image00002-5-2048x1463.jpeg 2048w\" sizes=\"auto, (max-width: 1024px) 100vw, 1024px\" \/><figcaption class=\"wp-element-caption\">Men i Trust<\/figcaption><\/figure>\n","protected":false},"excerpt":{"rendered":"<p>La primera vez que Men I Trust piso M\u00e9xico fue en el Corona Capital 2022, casi 2 a\u00f1os despu\u00e9s volvieron a la Ciudad, pero esta vez con un show en solitario en el Auditorio BB.<\/p>\n","protected":false},"author":214,"featured_media":27048,"comment_status":"open","ping_status":"open","sticky":false,"template":"","format":"standard","meta":{"wp_popup_display_lightbox":0,"wp_popup_suppress":"","wp_popup_trigger":"","wp_popup_trigger_amount":0,"wp_popup_disable_on_mobile":false,"footnotes":""},"categories":[1,150],"tags":[681,683,680],"class_list":["post-27047","post","type-post","status-publish","format-standard","has-post-thumbnail","hentry","category-interferencia","category-novedades","tag-auditorio-bb","tag-kirnbauer","tag-men-i-trust","category-1","category-150","description-off"],"_links":{"self":[{"href":"https:\/\/www.imer.mx\/interferencia\/wp-json\/wp\/v2\/posts\/27047","targetHints":{"allow":["GET"]}}],"collection":[{"href":"https:\/\/www.imer.mx\/interferencia\/wp-json\/wp\/v2\/posts"}],"about":[{"href":"https:\/\/www.imer.mx\/interferencia\/wp-json\/wp\/v2\/types\/post"}],"author":[{"embeddable":true,"href":"https:\/\/www.imer.mx\/interferencia\/wp-json\/wp\/v2\/users\/214"}],"replies":[{"embeddable":true,"href":"https:\/\/www.imer.mx\/interferencia\/wp-json\/wp\/v2\/comments?post=27047"}],"version-history":[{"count":2,"href":"https:\/\/www.imer.mx\/interferencia\/wp-json\/wp\/v2\/posts\/27047\/revisions"}],"predecessor-version":[{"id":27052,"href":"https:\/\/www.imer.mx\/interferencia\/wp-json\/wp\/v2\/posts\/27047\/revisions\/27052"}],"wp:featuredmedia":[{"embeddable":true,"href":"https:\/\/www.imer.mx\/interferencia\/wp-json\/wp\/v2\/media\/27048"}],"wp:attachment":[{"href":"https:\/\/www.imer.mx\/interferencia\/wp-json\/wp\/v2\/media?parent=27047"}],"wp:term":[{"taxonomy":"category","embeddable":true,"href":"https:\/\/www.imer.mx\/interferencia\/wp-json\/wp\/v2\/categories?post=27047"},{"taxonomy":"post_tag","embeddable":true,"href":"https:\/\/www.imer.mx\/interferencia\/wp-json\/wp\/v2\/tags?post=27047"}],"curies":[{"name":"wp","href":"https:\/\/api.w.org\/{rel}","templated":true}]}}