{"id":26277,"date":"2023-07-17T16:11:21","date_gmt":"2023-07-17T22:11:21","guid":{"rendered":"https:\/\/www.imer.mx\/interferencia\/?p=26277"},"modified":"2023-07-17T17:45:18","modified_gmt":"2023-07-17T23:45:18","slug":"carolina-durante-contagia-su-energia-al-house-of-vans","status":"publish","type":"post","link":"https:\/\/www.imer.mx\/interferencia\/carolina-durante-contagia-su-energia-al-house-of-vans\/","title":{"rendered":"Carolina Durante contagia su energ\u00eda al House of Vans"},"content":{"rendered":"\n<p><strong>Texto: Uriel Villase\u00f1or<\/strong><\/p>\n\n\n\n<p>El pasado 14 de julio nos lanzamos al <strong>House of Vans<\/strong> para la presentaci\u00f3n de la banda<strong> Carolina Durante<\/strong>, que hizo de la noche un momento inolvidable para todos los fans que no dejaron de gritar, cantar, bailar y saltar al ritmo de su m\u00fasica.<\/p>\n\n\n\n<p>Con un salto al escenario, la banda madrile\u00f1a formada en 2017 y compuesta por <strong>Diego Ib\u00e1\u00f1ez<\/strong> (voz), <strong>Mart\u00edn Vallhonrat<\/strong> (bajo), <strong>Juan Pedrayes<\/strong> (bater\u00eda) y <strong>Mario del Valle <\/strong>(guitarra), inici\u00f3 su presentaci\u00f3n con <em>Hostias<\/em> y su caracter\u00edstica energ\u00eda llena de riffs y bater\u00edas r\u00e1pidas.<\/p>\n\n\n\n<p>De manera casi arm\u00f3nica, la fuerza de<strong> Diego Ib\u00e1\u00f1ez<\/strong> contagi\u00f3 a todo el House of Vans con sus movimientos desenfrenados y llenos de furia espa\u00f1ola, demostrando una vez m\u00e1s que importa poco el tama\u00f1o del escenario cuando tu p\u00fablico responde de manera sin\u00e9rgica.<\/p>\n\n\n\n<div class=\"wp-block-group\"><div class=\"wp-block-group__inner-container is-layout-constrained wp-block-group-is-layout-constrained\">\n<div class=\"wp-block-group\"><div class=\"wp-block-group__inner-container is-layout-constrained wp-block-group-is-layout-constrained\">\n<figure class=\"wp-block-gallery has-nested-images columns-default is-cropped wp-block-gallery-1 is-layout-flex wp-block-gallery-is-layout-flex\">\n<figure class=\"wp-block-image size-large\"><img loading=\"lazy\" decoding=\"async\" width=\"1024\" height=\"683\" data-id=\"26278\" src=\"https:\/\/www.imer.mx\/interferencia\/wp-content\/uploads\/sites\/55\/IMG_9499-1024x683.jpg\" alt=\"\" class=\"wp-image-26278\" srcset=\"https:\/\/www.imer.mx\/interferencia\/wp-content\/uploads\/sites\/55\/IMG_9499-1024x683.jpg 1024w, https:\/\/www.imer.mx\/interferencia\/wp-content\/uploads\/sites\/55\/IMG_9499-300x200.jpg 300w, https:\/\/www.imer.mx\/interferencia\/wp-content\/uploads\/sites\/55\/IMG_9499-768x512.jpg 768w, https:\/\/www.imer.mx\/interferencia\/wp-content\/uploads\/sites\/55\/IMG_9499-1536x1024.jpg 1536w, https:\/\/www.imer.mx\/interferencia\/wp-content\/uploads\/sites\/55\/IMG_9499-2048x1365.jpg 2048w\" sizes=\"auto, (max-width: 1024px) 100vw, 1024px\" \/><\/figure>\n\n\n\n<figure class=\"wp-block-image size-large\"><img loading=\"lazy\" decoding=\"async\" width=\"1024\" height=\"683\" data-id=\"26279\" src=\"https:\/\/www.imer.mx\/interferencia\/wp-content\/uploads\/sites\/55\/IMG_9524-1024x683.jpg\" alt=\"\" class=\"wp-image-26279\" srcset=\"https:\/\/www.imer.mx\/interferencia\/wp-content\/uploads\/sites\/55\/IMG_9524-1024x683.jpg 1024w, https:\/\/www.imer.mx\/interferencia\/wp-content\/uploads\/sites\/55\/IMG_9524-300x200.jpg 300w, https:\/\/www.imer.mx\/interferencia\/wp-content\/uploads\/sites\/55\/IMG_9524-768x512.jpg 768w, https:\/\/www.imer.mx\/interferencia\/wp-content\/uploads\/sites\/55\/IMG_9524-1536x1024.jpg 1536w, https:\/\/www.imer.mx\/interferencia\/wp-content\/uploads\/sites\/55\/IMG_9524-2048x1365.jpg 2048w\" sizes=\"auto, (max-width: 1024px) 100vw, 1024px\" \/><\/figure>\n\n\n\n<figure class=\"wp-block-image size-large\"><img loading=\"lazy\" decoding=\"async\" width=\"1024\" height=\"683\" data-id=\"26280\" src=\"https:\/\/www.imer.mx\/interferencia\/wp-content\/uploads\/sites\/55\/IMG_9533-1024x683.jpg\" alt=\"\" class=\"wp-image-26280\" srcset=\"https:\/\/www.imer.mx\/interferencia\/wp-content\/uploads\/sites\/55\/IMG_9533-1024x683.jpg 1024w, https:\/\/www.imer.mx\/interferencia\/wp-content\/uploads\/sites\/55\/IMG_9533-300x200.jpg 300w, https:\/\/www.imer.mx\/interferencia\/wp-content\/uploads\/sites\/55\/IMG_9533-768x512.jpg 768w, https:\/\/www.imer.mx\/interferencia\/wp-content\/uploads\/sites\/55\/IMG_9533-1536x1024.jpg 1536w, https:\/\/www.imer.mx\/interferencia\/wp-content\/uploads\/sites\/55\/IMG_9533-2048x1365.jpg 2048w\" sizes=\"auto, (max-width: 1024px) 100vw, 1024px\" \/><\/figure>\n\n\n\n<figure class=\"wp-block-image size-large\"><img loading=\"lazy\" decoding=\"async\" width=\"1024\" height=\"683\" data-id=\"26281\" src=\"https:\/\/www.imer.mx\/interferencia\/wp-content\/uploads\/sites\/55\/IMG_9563-1024x683.jpg\" alt=\"\" class=\"wp-image-26281\" srcset=\"https:\/\/www.imer.mx\/interferencia\/wp-content\/uploads\/sites\/55\/IMG_9563-1024x683.jpg 1024w, https:\/\/www.imer.mx\/interferencia\/wp-content\/uploads\/sites\/55\/IMG_9563-300x200.jpg 300w, https:\/\/www.imer.mx\/interferencia\/wp-content\/uploads\/sites\/55\/IMG_9563-768x512.jpg 768w, https:\/\/www.imer.mx\/interferencia\/wp-content\/uploads\/sites\/55\/IMG_9563-1536x1024.jpg 1536w, https:\/\/www.imer.mx\/interferencia\/wp-content\/uploads\/sites\/55\/IMG_9563-2048x1365.jpg 2048w\" sizes=\"auto, (max-width: 1024px) 100vw, 1024px\" \/><\/figure>\n<\/figure>\n<\/div><\/div>\n<\/div><\/div>\n\n\n\n<p>Los temas <em>Moreno de Contrabando, Verano, Casa Kira <\/em>y<em> Cayetano<\/em> hicieron brincar a todos los fans que, al final, olvidaron la larga espera para que iniciara el concierto y las constantes fallas en el audio. Siempre es aplaudido cuando una banda tiene en cuenta a su audiencia, interactuando y haci\u00e9ndola parte del show, y para Carolina Durante no fue la excepci\u00f3n.<\/p>\n\n\n\n<p>Sin duda, lo m\u00e1s memorable del concierto fue cuando lleg\u00f3 la hora de su \u00faltima canci\u00f3n, <em>Las canciones de Juanita, <\/em>en la que invitaron a un joven del p\u00fablico a subir al escenario para tocar la guitarra. La emoci\u00f3n de todos los seguidores de la banda se hizo presente entre gritos, aplausos y brincos al ver la felicidad del afortunado fan en el escenario y al recibir el salto del guitarrista Mario del Valle hacia el p\u00fablico.<\/p>\n\n\n\n<p>Tras su presentaci\u00f3n en M\u00e9xico, la banda seguir\u00e1 su gira en El Sonido Live! en Seattle, Estados Unidos, y despu\u00e9s por distintas ciudades de Espa\u00f1a los pr\u00f3ximos meses.<\/p>\n\n\n\n<p>Checa nuestra Galeria.<\/p>\n\n\n\n<figure class=\"wp-block-gallery has-nested-images columns-default is-cropped wp-block-gallery-2 is-layout-flex wp-block-gallery-is-layout-flex\">\n<figure class=\"wp-block-image size-large\"><img loading=\"lazy\" decoding=\"async\" width=\"1024\" height=\"683\" data-id=\"26288\" src=\"https:\/\/www.imer.mx\/interferencia\/wp-content\/uploads\/sites\/55\/IMG_9603-1024x683.jpg\" alt=\"\" class=\"wp-image-26288\" srcset=\"https:\/\/www.imer.mx\/interferencia\/wp-content\/uploads\/sites\/55\/IMG_9603-1024x683.jpg 1024w, https:\/\/www.imer.mx\/interferencia\/wp-content\/uploads\/sites\/55\/IMG_9603-300x200.jpg 300w, https:\/\/www.imer.mx\/interferencia\/wp-content\/uploads\/sites\/55\/IMG_9603-768x512.jpg 768w, https:\/\/www.imer.mx\/interferencia\/wp-content\/uploads\/sites\/55\/IMG_9603-1536x1024.jpg 1536w, https:\/\/www.imer.mx\/interferencia\/wp-content\/uploads\/sites\/55\/IMG_9603-2048x1365.jpg 2048w\" sizes=\"auto, (max-width: 1024px) 100vw, 1024px\" \/><\/figure>\n\n\n\n<figure class=\"wp-block-image size-large\"><img loading=\"lazy\" decoding=\"async\" width=\"1024\" height=\"683\" data-id=\"26287\" src=\"https:\/\/www.imer.mx\/interferencia\/wp-content\/uploads\/sites\/55\/IMG_9601-1024x683.jpg\" alt=\"\" class=\"wp-image-26287\" srcset=\"https:\/\/www.imer.mx\/interferencia\/wp-content\/uploads\/sites\/55\/IMG_9601-1024x683.jpg 1024w, https:\/\/www.imer.mx\/interferencia\/wp-content\/uploads\/sites\/55\/IMG_9601-300x200.jpg 300w, https:\/\/www.imer.mx\/interferencia\/wp-content\/uploads\/sites\/55\/IMG_9601-768x512.jpg 768w, https:\/\/www.imer.mx\/interferencia\/wp-content\/uploads\/sites\/55\/IMG_9601-1536x1024.jpg 1536w, https:\/\/www.imer.mx\/interferencia\/wp-content\/uploads\/sites\/55\/IMG_9601-2048x1365.jpg 2048w\" sizes=\"auto, (max-width: 1024px) 100vw, 1024px\" \/><\/figure>\n\n\n\n<figure class=\"wp-block-image size-large\"><img loading=\"lazy\" decoding=\"async\" width=\"1024\" height=\"683\" data-id=\"26286\" src=\"https:\/\/www.imer.mx\/interferencia\/wp-content\/uploads\/sites\/55\/IMG_9595-1024x683.jpg\" alt=\"\" class=\"wp-image-26286\" srcset=\"https:\/\/www.imer.mx\/interferencia\/wp-content\/uploads\/sites\/55\/IMG_9595-1024x683.jpg 1024w, https:\/\/www.imer.mx\/interferencia\/wp-content\/uploads\/sites\/55\/IMG_9595-300x200.jpg 300w, https:\/\/www.imer.mx\/interferencia\/wp-content\/uploads\/sites\/55\/IMG_9595-768x512.jpg 768w, https:\/\/www.imer.mx\/interferencia\/wp-content\/uploads\/sites\/55\/IMG_9595-1536x1024.jpg 1536w, https:\/\/www.imer.mx\/interferencia\/wp-content\/uploads\/sites\/55\/IMG_9595-2048x1365.jpg 2048w\" sizes=\"auto, (max-width: 1024px) 100vw, 1024px\" \/><\/figure>\n\n\n\n<figure class=\"wp-block-image size-large\"><img loading=\"lazy\" decoding=\"async\" width=\"1024\" height=\"683\" data-id=\"26285\" src=\"https:\/\/www.imer.mx\/interferencia\/wp-content\/uploads\/sites\/55\/IMG_9582-1024x683.jpg\" alt=\"\" class=\"wp-image-26285\" srcset=\"https:\/\/www.imer.mx\/interferencia\/wp-content\/uploads\/sites\/55\/IMG_9582-1024x683.jpg 1024w, https:\/\/www.imer.mx\/interferencia\/wp-content\/uploads\/sites\/55\/IMG_9582-300x200.jpg 300w, https:\/\/www.imer.mx\/interferencia\/wp-content\/uploads\/sites\/55\/IMG_9582-768x512.jpg 768w, https:\/\/www.imer.mx\/interferencia\/wp-content\/uploads\/sites\/55\/IMG_9582-1536x1024.jpg 1536w, https:\/\/www.imer.mx\/interferencia\/wp-content\/uploads\/sites\/55\/IMG_9582-2048x1365.jpg 2048w\" sizes=\"auto, (max-width: 1024px) 100vw, 1024px\" \/><\/figure>\n\n\n\n<figure class=\"wp-block-image size-large\"><img loading=\"lazy\" decoding=\"async\" width=\"1024\" height=\"683\" data-id=\"26284\" src=\"https:\/\/www.imer.mx\/interferencia\/wp-content\/uploads\/sites\/55\/IMG_9569-1024x683.jpg\" alt=\"\" class=\"wp-image-26284\" srcset=\"https:\/\/www.imer.mx\/interferencia\/wp-content\/uploads\/sites\/55\/IMG_9569-1024x683.jpg 1024w, https:\/\/www.imer.mx\/interferencia\/wp-content\/uploads\/sites\/55\/IMG_9569-300x200.jpg 300w, https:\/\/www.imer.mx\/interferencia\/wp-content\/uploads\/sites\/55\/IMG_9569-768x512.jpg 768w, https:\/\/www.imer.mx\/interferencia\/wp-content\/uploads\/sites\/55\/IMG_9569-1536x1024.jpg 1536w, https:\/\/www.imer.mx\/interferencia\/wp-content\/uploads\/sites\/55\/IMG_9569-2048x1365.jpg 2048w\" sizes=\"auto, (max-width: 1024px) 100vw, 1024px\" \/><\/figure>\n<\/figure>\n\n\n\n<p><strong>Fotograf\u00edas: Rous<\/strong><\/p>\n","protected":false},"excerpt":{"rendered":"<p>El pasado 14 de julio nos lanzamos al House of Vans para la presentaci\u00f3n de la banda Carolina Durante, que hizo de la noche un momento inolvidable para todos los fans que no dejaron de gritar, cantar, bailar y saltar al ritmo de su m\u00fasica.<\/p>\n","protected":false},"author":214,"featured_media":26283,"comment_status":"open","ping_status":"open","sticky":false,"template":"","format":"standard","meta":{"wp_popup_display_lightbox":0,"wp_popup_suppress":"","wp_popup_trigger":"","wp_popup_trigger_amount":0,"wp_popup_disable_on_mobile":false,"footnotes":""},"categories":[1],"tags":[528,281],"class_list":["post-26277","post","type-post","status-publish","format-standard","has-post-thumbnail","hentry","category-interferencia","tag-carolina-durante","tag-house-of-vans","category-1","description-off"],"_links":{"self":[{"href":"https:\/\/www.imer.mx\/interferencia\/wp-json\/wp\/v2\/posts\/26277","targetHints":{"allow":["GET"]}}],"collection":[{"href":"https:\/\/www.imer.mx\/interferencia\/wp-json\/wp\/v2\/posts"}],"about":[{"href":"https:\/\/www.imer.mx\/interferencia\/wp-json\/wp\/v2\/types\/post"}],"author":[{"embeddable":true,"href":"https:\/\/www.imer.mx\/interferencia\/wp-json\/wp\/v2\/users\/214"}],"replies":[{"embeddable":true,"href":"https:\/\/www.imer.mx\/interferencia\/wp-json\/wp\/v2\/comments?post=26277"}],"version-history":[{"count":1,"href":"https:\/\/www.imer.mx\/interferencia\/wp-json\/wp\/v2\/posts\/26277\/revisions"}],"predecessor-version":[{"id":26293,"href":"https:\/\/www.imer.mx\/interferencia\/wp-json\/wp\/v2\/posts\/26277\/revisions\/26293"}],"wp:featuredmedia":[{"embeddable":true,"href":"https:\/\/www.imer.mx\/interferencia\/wp-json\/wp\/v2\/media\/26283"}],"wp:attachment":[{"href":"https:\/\/www.imer.mx\/interferencia\/wp-json\/wp\/v2\/media?parent=26277"}],"wp:term":[{"taxonomy":"category","embeddable":true,"href":"https:\/\/www.imer.mx\/interferencia\/wp-json\/wp\/v2\/categories?post=26277"},{"taxonomy":"post_tag","embeddable":true,"href":"https:\/\/www.imer.mx\/interferencia\/wp-json\/wp\/v2\/tags?post=26277"}],"curies":[{"name":"wp","href":"https:\/\/api.w.org\/{rel}","templated":true}]}}