{"id":25640,"date":"2022-11-24T08:00:14","date_gmt":"2022-11-24T14:00:14","guid":{"rendered":"https:\/\/www.imer.mx\/interferencia\/?p=25640"},"modified":"2022-11-24T08:50:40","modified_gmt":"2022-11-24T14:50:40","slug":"tu-historia-el-regreso-de-julieta-venegas-como-artista-independiente","status":"publish","type":"post","link":"https:\/\/www.imer.mx\/interferencia\/tu-historia-el-regreso-de-julieta-venegas-como-artista-independiente\/","title":{"rendered":"Tu Historia, el regreso de Julieta Venegas como artista independiente"},"content":{"rendered":"\n<p><strong>Texto y fotos, David Mej\u00eda<br><\/strong><\/p>\n\n\n\n<p class=\"has-text-align-left\"><strong>Julieta Venegas<\/strong> present\u00f3 oficialmente <strong>Tu Historia<\/strong>, \u00e1lbum que compuso en los \u00faltimos dos<br>a\u00f1os y que la llev\u00f3 a reencontrarse con sus or\u00edgenes como artista Independiente. En<br>conferencia de prensa en el <strong>Teatro Metrop\u00f3litan,<\/strong> destac\u00f3 la producci\u00f3n de <strong>Alex Anwandter<\/strong>,<br>m\u00fasico chileno de qui\u00e9n se dijo admiradora por su visi\u00f3n y el aporte creativo en el resultado<br>sonoro del disco, del cual se desprenden \u00e9xitos como <strong>Mismo Amor, Te encontr\u00e9, y La<br>nostalgia.<\/strong><br><\/p>\n\n\n\n<p class=\"has-text-align-left\">Julieta defini\u00f3 Tu Historia como un trabajo equilibrado, con referencias en momentos de su<br>pasado, pero que se construye hacia el futuro a partir de un aprendizaje constante.<em> &#8220;Siento<br>que siempre estoy como en un proceso de aprendizaje, de m\u00ed y de mi manera de actuar, en<br>algunas cosas soy seria y en otras quiero aterrizarme y madurar m\u00e1s&#8221;<\/em>, agreg\u00f3 la<br>cantautora.<\/p>\n\n\n\n<p>Asimismo destac\u00f3 la lucha de las mujeres en la m\u00fasica y en lo social; <em>&#8220;he visto con mucha<br>emoci\u00f3n como las nuevas generaciones de mujeres est\u00e1n siendo la punta de lanza para<br>que las cosas cambien&#8221;<\/em>, agreg\u00f3 la artista refiri\u00e9ndose al contexto mexicano. <em>&#8220;En el disco, la<br>canci\u00f3n Caminar sola, tiene que ver con el miedo que sentimos las mujeres cuando salimos<br>a la calle por la noche, lo siento y es real, entonces son cosas que hay que concientizar<br>como primer paso para cambiar la forma en c\u00f3mo nos relacionamos&#8221;<\/em>, puntualiz\u00f3 sobre la<br>violencia de g\u00e9nero.<br><\/p>\n\n\n\n<p>Finalmente, Julieta Venegas se mostr\u00f3 entusiasmada por su regreso a M\u00e9xico con la<br>promoci\u00f3n de Tu Historia, \u00e1lbum que compartir\u00e1 en sus dos presentaciones en el Teatro<br>Metrop\u00f3litan el 25 y 26 de noviembre, y como parte del line up del <strong>festival Ceremonia 2023.<\/strong><\/p>\n\n\n\n<p><\/p>\n\n\n\n<p><\/p>\n\n\n\n<figure class=\"wp-block-gallery has-nested-images columns-2 is-cropped wp-block-gallery-1 is-layout-flex wp-block-gallery-is-layout-flex\">\n<figure class=\"wp-block-image size-large\"><a href=\"https:\/\/www.imer.mx\/interferencia\/wp-content\/uploads\/sites\/55\/d58bb077-cd93-4479-9d1a-81fe4105983c.jpg\"><img loading=\"lazy\" decoding=\"async\" width=\"1500\" height=\"1000\" data-id=\"25642\" src=\"https:\/\/www.imer.mx\/interferencia\/wp-content\/uploads\/sites\/55\/d58bb077-cd93-4479-9d1a-81fe4105983c.jpg\" alt=\"\" class=\"wp-image-25642\" srcset=\"https:\/\/www.imer.mx\/interferencia\/wp-content\/uploads\/sites\/55\/d58bb077-cd93-4479-9d1a-81fe4105983c.jpg 1500w, https:\/\/www.imer.mx\/interferencia\/wp-content\/uploads\/sites\/55\/d58bb077-cd93-4479-9d1a-81fe4105983c-300x200.jpg 300w, https:\/\/www.imer.mx\/interferencia\/wp-content\/uploads\/sites\/55\/d58bb077-cd93-4479-9d1a-81fe4105983c-1024x683.jpg 1024w, https:\/\/www.imer.mx\/interferencia\/wp-content\/uploads\/sites\/55\/d58bb077-cd93-4479-9d1a-81fe4105983c-768x512.jpg 768w\" sizes=\"auto, (max-width: 1500px) 100vw, 1500px\" \/><\/a><\/figure>\n\n\n\n<figure class=\"wp-block-image size-large\"><a href=\"https:\/\/www.imer.mx\/interferencia\/wp-content\/uploads\/sites\/55\/ce7c661b-4b1f-4a8d-8a51-7d9555a819e7.jpg\"><img loading=\"lazy\" decoding=\"async\" width=\"1500\" height=\"1000\" data-id=\"25648\" src=\"https:\/\/www.imer.mx\/interferencia\/wp-content\/uploads\/sites\/55\/ce7c661b-4b1f-4a8d-8a51-7d9555a819e7.jpg\" alt=\"\" class=\"wp-image-25648\" srcset=\"https:\/\/www.imer.mx\/interferencia\/wp-content\/uploads\/sites\/55\/ce7c661b-4b1f-4a8d-8a51-7d9555a819e7.jpg 1500w, https:\/\/www.imer.mx\/interferencia\/wp-content\/uploads\/sites\/55\/ce7c661b-4b1f-4a8d-8a51-7d9555a819e7-300x200.jpg 300w, https:\/\/www.imer.mx\/interferencia\/wp-content\/uploads\/sites\/55\/ce7c661b-4b1f-4a8d-8a51-7d9555a819e7-1024x683.jpg 1024w, https:\/\/www.imer.mx\/interferencia\/wp-content\/uploads\/sites\/55\/ce7c661b-4b1f-4a8d-8a51-7d9555a819e7-768x512.jpg 768w\" sizes=\"auto, (max-width: 1500px) 100vw, 1500px\" \/><\/a><\/figure>\n\n\n\n<figure class=\"wp-block-image size-large\"><a href=\"https:\/\/www.imer.mx\/interferencia\/wp-content\/uploads\/sites\/55\/8e65a536-8253-40e3-a486-7cd96edcbf98.jpg\"><img loading=\"lazy\" decoding=\"async\" width=\"1500\" height=\"1000\" data-id=\"25649\" src=\"https:\/\/www.imer.mx\/interferencia\/wp-content\/uploads\/sites\/55\/8e65a536-8253-40e3-a486-7cd96edcbf98.jpg\" alt=\"\" class=\"wp-image-25649\" srcset=\"https:\/\/www.imer.mx\/interferencia\/wp-content\/uploads\/sites\/55\/8e65a536-8253-40e3-a486-7cd96edcbf98.jpg 1500w, https:\/\/www.imer.mx\/interferencia\/wp-content\/uploads\/sites\/55\/8e65a536-8253-40e3-a486-7cd96edcbf98-300x200.jpg 300w, https:\/\/www.imer.mx\/interferencia\/wp-content\/uploads\/sites\/55\/8e65a536-8253-40e3-a486-7cd96edcbf98-1024x683.jpg 1024w, https:\/\/www.imer.mx\/interferencia\/wp-content\/uploads\/sites\/55\/8e65a536-8253-40e3-a486-7cd96edcbf98-768x512.jpg 768w\" sizes=\"auto, (max-width: 1500px) 100vw, 1500px\" \/><\/a><\/figure>\n<\/figure>\n\n\n\n<p><\/p>\n","protected":false},"excerpt":{"rendered":"<p>Julieta Venegas present\u00f3 oficialmente Tu Historia, \u00e1lbum que compuso en los \u00faltimos dos a\u00f1os y que la llev\u00f3 a reencontrarse con sus or\u00edgenes como artista Independiente. En conferencia de prensa en el Teatro Metrop\u00f3litan.<\/p>\n","protected":false},"author":214,"featured_media":25641,"comment_status":"open","ping_status":"open","sticky":false,"template":"","format":"standard","meta":{"wp_popup_display_lightbox":0,"wp_popup_suppress":"","wp_popup_trigger":"","wp_popup_trigger_amount":0,"wp_popup_disable_on_mobile":false,"footnotes":""},"categories":[1,150,147],"tags":[435,436],"class_list":["post-25640","post","type-post","status-publish","format-standard","has-post-thumbnail","hentry","category-interferencia","category-novedades","category-categoria-uno","tag-julieta-venegas","tag-tu-historia","category-1","category-150","category-147","description-off"],"_links":{"self":[{"href":"https:\/\/www.imer.mx\/interferencia\/wp-json\/wp\/v2\/posts\/25640","targetHints":{"allow":["GET"]}}],"collection":[{"href":"https:\/\/www.imer.mx\/interferencia\/wp-json\/wp\/v2\/posts"}],"about":[{"href":"https:\/\/www.imer.mx\/interferencia\/wp-json\/wp\/v2\/types\/post"}],"author":[{"embeddable":true,"href":"https:\/\/www.imer.mx\/interferencia\/wp-json\/wp\/v2\/users\/214"}],"replies":[{"embeddable":true,"href":"https:\/\/www.imer.mx\/interferencia\/wp-json\/wp\/v2\/comments?post=25640"}],"version-history":[{"count":0,"href":"https:\/\/www.imer.mx\/interferencia\/wp-json\/wp\/v2\/posts\/25640\/revisions"}],"wp:featuredmedia":[{"embeddable":true,"href":"https:\/\/www.imer.mx\/interferencia\/wp-json\/wp\/v2\/media\/25641"}],"wp:attachment":[{"href":"https:\/\/www.imer.mx\/interferencia\/wp-json\/wp\/v2\/media?parent=25640"}],"wp:term":[{"taxonomy":"category","embeddable":true,"href":"https:\/\/www.imer.mx\/interferencia\/wp-json\/wp\/v2\/categories?post=25640"},{"taxonomy":"post_tag","embeddable":true,"href":"https:\/\/www.imer.mx\/interferencia\/wp-json\/wp\/v2\/tags?post=25640"}],"curies":[{"name":"wp","href":"https:\/\/api.w.org\/{rel}","templated":true}]}}