{"id":25559,"date":"2022-11-08T17:57:13","date_gmt":"2022-11-08T23:57:13","guid":{"rendered":"https:\/\/www.imer.mx\/interferencia\/?p=25559"},"modified":"2022-11-08T17:57:16","modified_gmt":"2022-11-08T23:57:16","slug":"entrevista-a-los-espiritus-no-hay-que-ser-puristas-con-nada","status":"publish","type":"post","link":"https:\/\/www.imer.mx\/interferencia\/entrevista-a-los-espiritus-no-hay-que-ser-puristas-con-nada\/","title":{"rendered":"Entrevista a Los Esp\u00edritus: no hay que ser puristas con nada"},"content":{"rendered":"\n<p>La banda argentina,<strong> Los Esp\u00edritus<\/strong>, regresa a M\u00e9xico en noviembre 2022. A su visita, suma su primera gira en Estados Unidos con fechas en Miami, Austin, Dallas, y Los \u00c1ngeles. En M\u00e9xico, Los Esp\u00edritus llevar\u00e1n su blues psicod\u00e9lico a Tijuana, Monterrey, Guadalajara, Ciudad de M\u00e9xico, Puebla y Tulum.<\/p>\n\n\n\n<p>En entrevista, <strong>Maxi Prietto<\/strong>, vocalista de la banda, nos comparte los detalles y emociones de la gira<strong><em> Sancocho Stereo<\/em><\/strong>, titulada as\u00ed por el quinto \u00e1lbum de estudio de Los Esp\u00edritus, que cuenta con la participaci\u00f3n de m\u00fasicos como <strong>Melingo<\/strong>, <strong>Carca<\/strong>, <strong>Gustavo Santaolalla<\/strong>, <strong>Bombino <\/strong>y <strong>Huaira<\/strong>.<\/p>\n\n\n\n<p>Escucha la entrevista aqu\u00ed.<\/p>\n\n\n\n<figure class=\"wp-block-audio\"><audio controls src=\"https:\/\/www.imer.mx\/interferencia\/wp-content\/uploads\/sites\/55\/entrevista-los-espiritus.mp3\"><\/audio><figcaption>Entrevista: Los Esp\u00edritus<\/figcaption><\/figure>\n\n\n\n<p><strong>Texto y entrevista: Gaby Sandoval<\/strong><\/p>\n","protected":false},"excerpt":{"rendered":"<p>En entrevista, Maxi Prietto, vocalista de la banda, nos comparte los detalles y emociones de la gira Sancocho Stereo, titulada as\u00ed por el quinto \u00e1lbum de estudio de Los Esp\u00edritus, que cuenta con la participaci\u00f3n de m\u00fasicos como Melingo, Carca, Gustavo Santaolalla, Bombino y Huaira.<\/p>\n","protected":false},"author":214,"featured_media":25561,"comment_status":"open","ping_status":"open","sticky":false,"template":"","format":"standard","meta":{"wp_popup_display_lightbox":0,"wp_popup_suppress":"","wp_popup_trigger":"","wp_popup_trigger_amount":0,"wp_popup_disable_on_mobile":false,"footnotes":""},"categories":[150,147],"tags":[411,412,410,413],"class_list":["post-25559","post","type-post","status-publish","format-standard","has-post-thumbnail","hentry","category-novedades","category-categoria-uno","tag-gustavo-santaolalla","tag-huaira","tag-los-espiritus","tag-sancocho-stereo","category-150","category-147","description-off"],"_links":{"self":[{"href":"https:\/\/www.imer.mx\/interferencia\/wp-json\/wp\/v2\/posts\/25559","targetHints":{"allow":["GET"]}}],"collection":[{"href":"https:\/\/www.imer.mx\/interferencia\/wp-json\/wp\/v2\/posts"}],"about":[{"href":"https:\/\/www.imer.mx\/interferencia\/wp-json\/wp\/v2\/types\/post"}],"author":[{"embeddable":true,"href":"https:\/\/www.imer.mx\/interferencia\/wp-json\/wp\/v2\/users\/214"}],"replies":[{"embeddable":true,"href":"https:\/\/www.imer.mx\/interferencia\/wp-json\/wp\/v2\/comments?post=25559"}],"version-history":[{"count":0,"href":"https:\/\/www.imer.mx\/interferencia\/wp-json\/wp\/v2\/posts\/25559\/revisions"}],"wp:featuredmedia":[{"embeddable":true,"href":"https:\/\/www.imer.mx\/interferencia\/wp-json\/wp\/v2\/media\/25561"}],"wp:attachment":[{"href":"https:\/\/www.imer.mx\/interferencia\/wp-json\/wp\/v2\/media?parent=25559"}],"wp:term":[{"taxonomy":"category","embeddable":true,"href":"https:\/\/www.imer.mx\/interferencia\/wp-json\/wp\/v2\/categories?post=25559"},{"taxonomy":"post_tag","embeddable":true,"href":"https:\/\/www.imer.mx\/interferencia\/wp-json\/wp\/v2\/tags?post=25559"}],"curies":[{"name":"wp","href":"https:\/\/api.w.org\/{rel}","templated":true}]}}