{"id":24350,"date":"2019-05-14T13:35:10","date_gmt":"2019-05-14T18:35:10","guid":{"rendered":"https:\/\/www.imer.mx\/interferencia\/?p=24350"},"modified":"2019-05-14T13:35:10","modified_gmt":"2019-05-14T18:35:10","slug":"off-air-steve-gunn","status":"publish","type":"post","link":"https:\/\/www.imer.mx\/interferencia\/off-air-steve-gunn\/","title":{"rendered":"Off Air. Steve Gunn"},"content":{"rendered":"<p>&nbsp;<\/p>\n<p><strong>\u00a0<\/strong>En estos \u00faltimos d\u00edas me ha girado por la cabeza la idea de qu\u00e9 suceder\u00e1 dentro de 40 a\u00f1os en el aspecto musical. Vayamos lejos, pero no tanto, hace unos 80 a\u00f1os, aproximadamente, que se comenz\u00f3 a escuchar m\u00fasica en vinyl; hace 50 apareci\u00f3 la cinta magn\u00e9tica, con ello, surgi\u00f3 el casete y el <em>walkman<\/em>; a\u00f1os despu\u00e9s vimos la aparici\u00f3n de el CD, un acercamiento a la mayor calidad de escucha. Aqu\u00ed har\u00e9 una pausa, hasta este momento, las tres formas distintas de escuchar m\u00fasica tienen grandes caracter\u00edsticas: son objetos, son tangibles, huelen, se rayan, se descomponen, pero siempre hay la opci\u00f3n de conservarlos, de alguna forma se quedan registrados, hay algo que los hace ver\u00eddicos. Tienen alma.<\/p>\n<p>Continuando de forma cronol\u00f3gica en la forma en la cual hemos venido escuchando m\u00fasica, le sigue la idea de bajar la calidad al audio, convirtiendo en un archivo digital, disminuir sus frecuencias y enterr\u00e1ndolos en diversos aparatos para su reproducci\u00f3n. El MP3 y iPod son prueba de eso. Hoy con 100 pesos puedes tener acceso a toda la m\u00fasica, hay varias plataformas que lo permiten. Pero, hay una situaci\u00f3n, la m\u00fasica de esta forma se vuelve intangible, no hay objeto que nos conecte con ella. Hoy almacenamos desde 16 GB hasta 1 TB toda clase de informaci\u00f3n que se pierde en un limbo informativo.<\/p>\n<p>Da miedo pensar en las posibilidades que tendr\u00e1 la m\u00fasica en un futuro. Quiz\u00e1 la m\u00fasica cl\u00e1sica ser\u00e1 algo m\u00e1s lejano. The Beatles, The Rolling Stones ser\u00e1 esa \u201cnueva\u201d m\u00fasica cl\u00e1sica, lo similar a un Mozart o un Beethoven, claro, todo limitado y con su cierto valor. Me refiero a la lejan\u00eda con la que vemos a esos m\u00fasicos. Da m\u00e1s miedo por los artistas j\u00f3venes, la m\u00fasica nueva. Muchas piezas son excelentes obras, sin embargo, se pierden en el oc\u00e9ano de la informaci\u00f3n. La era actual nos ha ense\u00f1ado que despu\u00e9s de 24 horas ya nada importa. Ni el futuro, mucho menos el pasado.<\/p>\n<p>En esta entrega de Off Air, llega Steve Gunn, este cantante y compositor que naci\u00f3 en Lansdowne, Pensilvania, Estados Unidos. Gunn fue anteriormente guitarrista y productor en la banda de Kurt Vile and The Violators. Durante su carrera como el talento como solista se vio opacado, a pesar de que en su carrera cuenta con \u00e1lbumes y EP\u2019s que ha lanzado desde 2007. Steve es un guitarrista talentoso, ha escrito sobre el movimiento y los viajes. Su m\u00fasica es ideal para los viajes en carreteras, y claro, tambi\u00e9n los internos.<\/p>\n<p>Su \u00faltimo \u00e1lbum \u201cThe Unseen In Between\u201d contiene sutiles y bonitos arreglos de cuerdas que enriquecen las canciones. Los m\u00fasicos que le apoyan son Tony Garnier, bajista y colaborador habitual de Dylan y su productor y amigo James Elkington. Las composiciones viajan por paisajes ac\u00fasticos haciendo referencia al folk de la escuela brit\u00e1nica. La guitarra el\u00e9ctrica transporta a una delicada psicodelia y no queda de lado los aires jazzeros. Este \u00e1lbum representa un homenaje a su padre, fallecido justo dos semanas despu\u00e9s de la publicaci\u00f3n de su anterior disco \u201cEyes on the Lines\u201d, considerado uno de sus mejores trabajos.<\/p>\n<p>No s\u00e9 exactamente lo qu\u00e9 va a suceder con la m\u00fasica en el futuro, es una situaci\u00f3n que me da miedo. Me da miedo que las futuras generaciones no escuchen las piezas cl\u00e1sicas, a The Beatles, a Dylan, a The Rolling Stones, a Sei Still, a The Cure, al mismo Steve Gunn. Pensando en que cada vez es m\u00e1s dif\u00edcil encontrar \u00e1lbumes en las tiendas, mejor dicho, cada vez es m\u00e1s dif\u00edcil encontrar tiendas de m\u00fasica, considero que el panorama no es muy esperanzador. Tal vez, es posible que en alg\u00fan momento de la historia exista un <em>klan<\/em> que se dedique a escuchar m\u00fasica a escondidas por temor a ser se\u00f1alados como seres raros y anticuados. Deber\u00edamos comenzar a formar el grupo, reunirnos en las cuevas y dejar que la m\u00fasica nos transporte a otras dimensiones.<\/p>\n<p>Canci\u00f3n recomendada: New Moon, pieza que hipnotiza con la cual abre The Unseen In Between, \u00e1lbum m\u00e1s reciente de Steve Gunn.<\/p>\n<p><iframe loading=\"lazy\" width=\"1200\" height=\"675\" src=\"https:\/\/www.youtube.com\/embed\/tqwx0r8n3tU?feature=oembed\" frameborder=\"0\" allow=\"accelerometer; autoplay; encrypted-media; gyroscope; picture-in-picture\" allowfullscreen><\/iframe><\/p>\n<p>&nbsp;<\/p>\n<p>&nbsp;<\/p>\n<p>&nbsp;<\/p>\n<p>&nbsp;<\/p>\n","protected":false},"excerpt":{"rendered":"<p>&nbsp; \u00a0En estos \u00faltimos d\u00edas me ha girado por la cabeza la idea de qu\u00e9 suceder\u00e1 dentro de 40 a\u00f1os en el aspecto musical. Vayamos lejos, pero no tanto, hace unos 80 a\u00f1os, aproximadamente, que se comenz\u00f3 a escuchar m\u00fasica en vinyl; hace 50 apareci\u00f3 la cinta magn\u00e9tica, con ello, surgi\u00f3 el casete y el&hellip;<\/p>\n","protected":false},"author":140,"featured_media":24351,"comment_status":"open","ping_status":"open","sticky":false,"template":"","format":"standard","meta":{"wp_popup_display_lightbox":0,"wp_popup_suppress":"","wp_popup_trigger":"","wp_popup_trigger_amount":0,"wp_popup_disable_on_mobile":false,"footnotes":""},"categories":[1,147],"tags":[],"class_list":["post-24350","post","type-post","status-publish","format-standard","has-post-thumbnail","hentry","category-interferencia","category-categoria-uno","category-1","category-147","description-off"],"_links":{"self":[{"href":"https:\/\/www.imer.mx\/interferencia\/wp-json\/wp\/v2\/posts\/24350","targetHints":{"allow":["GET"]}}],"collection":[{"href":"https:\/\/www.imer.mx\/interferencia\/wp-json\/wp\/v2\/posts"}],"about":[{"href":"https:\/\/www.imer.mx\/interferencia\/wp-json\/wp\/v2\/types\/post"}],"author":[{"embeddable":true,"href":"https:\/\/www.imer.mx\/interferencia\/wp-json\/wp\/v2\/users\/140"}],"replies":[{"embeddable":true,"href":"https:\/\/www.imer.mx\/interferencia\/wp-json\/wp\/v2\/comments?post=24350"}],"version-history":[{"count":0,"href":"https:\/\/www.imer.mx\/interferencia\/wp-json\/wp\/v2\/posts\/24350\/revisions"}],"wp:featuredmedia":[{"embeddable":true,"href":"https:\/\/www.imer.mx\/interferencia\/wp-json\/wp\/v2\/media\/24351"}],"wp:attachment":[{"href":"https:\/\/www.imer.mx\/interferencia\/wp-json\/wp\/v2\/media?parent=24350"}],"wp:term":[{"taxonomy":"category","embeddable":true,"href":"https:\/\/www.imer.mx\/interferencia\/wp-json\/wp\/v2\/categories?post=24350"},{"taxonomy":"post_tag","embeddable":true,"href":"https:\/\/www.imer.mx\/interferencia\/wp-json\/wp\/v2\/tags?post=24350"}],"curies":[{"name":"wp","href":"https:\/\/api.w.org\/{rel}","templated":true}]}}