{"id":24347,"date":"2019-05-14T13:23:49","date_gmt":"2019-05-14T18:23:49","guid":{"rendered":"https:\/\/www.imer.mx\/interferencia\/?p=24347"},"modified":"2019-05-14T13:23:49","modified_gmt":"2019-05-14T18:23:49","slug":"ya-conoces-el-nuevo-proyecto-de-pedro-vera","status":"publish","type":"post","link":"https:\/\/www.imer.mx\/interferencia\/ya-conoces-el-nuevo-proyecto-de-pedro-vera\/","title":{"rendered":"\u00bfYa conoces el nuevo proyecto de Pedro Vera?"},"content":{"rendered":"<p><strong>Pedro Vera<\/strong> es conocido por ser el ex-vocalista de la banda oriunda de Ciudad de M\u00e9xico, <strong>Passeig<\/strong>, afortunadamente \u00e9l contin\u00faa sorprendi\u00e9ndonos con su proyecto como solista en donde encontramos m\u00fasica que combina el rock, jazz, soul y blues; adem\u00e1s de encontrar en las letras de sus canciones los sentimientos y puntos de vista sobre nuestra ajetreada realidad.<\/p>\n<p>\u201c<strong>Quiero saber de ti<\/strong>\u201d es el nombre que recibe el m\u00e1s reciente sencillo de este m\u00fasico, el cual nos recuerda un pasaje por la melancol\u00eda en donde <strong>Pedro <\/strong>plasm\u00f3 un toque de tristeza en la pieza musical, a prop\u00f3sito de \u00e9sto comenta \u201cLa angustia que genera una ruptura y la ansiedad que conlleva la p\u00e9rdida de contacto con un ser amado son sentimientos devastadores\u2026\u201d Para que te des una idea de lo que estamos hablando, escucha el sencillo a continuaci\u00f3n:<\/p>\n<p><iframe loading=\"lazy\" width=\"1200\" height=\"675\" src=\"https:\/\/www.youtube.com\/embed\/ScT3kcq-yJU?feature=oembed\" frameborder=\"0\" allow=\"accelerometer; autoplay; encrypted-media; gyroscope; picture-in-picture\" allowfullscreen><\/iframe><\/p>\n<p>No se trata de hacernos sentir mal, al contrario, se busca que el oyente se sensibilice ante la m\u00fasica y cure su ser. Esta canci\u00f3n fue producida de la mano de <strong>Carlos Hern\u00e1ndez<\/strong> y grabada por el sello discogr\u00e1fico <strong>Honky Tonk Studios<\/strong>; adem\u00e1s de contar con la participaci\u00f3n de otros artistas como <strong>Orestes G\u00f3mez<\/strong> (M\u00fasico y productor venezolano) y <strong>Tacher Huerta<\/strong> quien es m\u00fasico junto con <strong>Mon Laferte<\/strong>.<\/p>\n","protected":false},"excerpt":{"rendered":"<p>Pedro Vera es conocido por ser el ex-vocalista de la banda oriunda de Ciudad de M\u00e9xico, Passeig, afortunadamente \u00e9l contin\u00faa sorprendi\u00e9ndonos con su proyecto como solista en donde encontramos m\u00fasica que combina el rock, jazz, soul y blues; adem\u00e1s de encontrar en las letras de sus canciones los sentimientos y puntos de vista sobre nuestra&hellip;<\/p>\n","protected":false},"author":140,"featured_media":24348,"comment_status":"open","ping_status":"open","sticky":false,"template":"","format":"standard","meta":{"wp_popup_display_lightbox":0,"wp_popup_suppress":"","wp_popup_trigger":"","wp_popup_trigger_amount":0,"wp_popup_disable_on_mobile":false,"footnotes":""},"categories":[1,147],"tags":[],"class_list":["post-24347","post","type-post","status-publish","format-standard","has-post-thumbnail","hentry","category-interferencia","category-categoria-uno","category-1","category-147","description-off"],"_links":{"self":[{"href":"https:\/\/www.imer.mx\/interferencia\/wp-json\/wp\/v2\/posts\/24347","targetHints":{"allow":["GET"]}}],"collection":[{"href":"https:\/\/www.imer.mx\/interferencia\/wp-json\/wp\/v2\/posts"}],"about":[{"href":"https:\/\/www.imer.mx\/interferencia\/wp-json\/wp\/v2\/types\/post"}],"author":[{"embeddable":true,"href":"https:\/\/www.imer.mx\/interferencia\/wp-json\/wp\/v2\/users\/140"}],"replies":[{"embeddable":true,"href":"https:\/\/www.imer.mx\/interferencia\/wp-json\/wp\/v2\/comments?post=24347"}],"version-history":[{"count":0,"href":"https:\/\/www.imer.mx\/interferencia\/wp-json\/wp\/v2\/posts\/24347\/revisions"}],"wp:featuredmedia":[{"embeddable":true,"href":"https:\/\/www.imer.mx\/interferencia\/wp-json\/wp\/v2\/media\/24348"}],"wp:attachment":[{"href":"https:\/\/www.imer.mx\/interferencia\/wp-json\/wp\/v2\/media?parent=24347"}],"wp:term":[{"taxonomy":"category","embeddable":true,"href":"https:\/\/www.imer.mx\/interferencia\/wp-json\/wp\/v2\/categories?post=24347"},{"taxonomy":"post_tag","embeddable":true,"href":"https:\/\/www.imer.mx\/interferencia\/wp-json\/wp\/v2\/tags?post=24347"}],"curies":[{"name":"wp","href":"https:\/\/api.w.org\/{rel}","templated":true}]}}