{"id":24344,"date":"2019-05-09T14:26:34","date_gmt":"2019-05-09T19:26:34","guid":{"rendered":"https:\/\/www.imer.mx\/interferencia\/?p=24344"},"modified":"2019-05-09T14:26:34","modified_gmt":"2019-05-09T19:26:34","slug":"la-avanzada-sinfonica-se-hace-presente-en-la-ciudad-de-mexico","status":"publish","type":"post","link":"https:\/\/www.imer.mx\/interferencia\/la-avanzada-sinfonica-se-hace-presente-en-la-ciudad-de-mexico\/","title":{"rendered":"La Avanzada sinf\u00f3nica se hace presente en la Ciudad de M\u00e9xico"},"content":{"rendered":"<p>&nbsp;<\/p>\n<p>En conferencia de prensa, la <strong>Avanzada Sinf\u00f3nica<\/strong> dio a conocer algunos detalles \u00a0de lo que podremos ver el pr\u00f3ximo 30 \u00a0de mayo en el <em>Teatro Metrop\u00f3litan<\/em> en punto de las 20:30 hrs, un evento que pretende traer de vuelta aquel movimiento denominado \u201c<strong>La Avanzada Regia<\/strong>\u201d que tuvo impacto a principios de este siglo XXI.<\/p>\n<p>En el evento previo al show principal, contaremos con la presencia de <strong>Gil Cerezo<\/strong> de <strong>Kinky <\/strong>y <strong>Chetes<\/strong>, as\u00ed como los productores <strong>Diego Cant\u00fa<\/strong> y <strong>Alejandro Cervantes<\/strong>. El <em>line up<\/em> estar\u00e1 conformado por <strong>El Gran Silencio<\/strong>, <strong>Omar G\u00f3ngora<\/strong> (<strong>Kinky<\/strong>), <strong>Pato Machete<\/strong>, <strong>Jon\u00e1z<\/strong>, <strong>Inspector<\/strong> (<strong>Big Javy<\/strong>, <strong>El Padrino<\/strong> y <strong>Homero<\/strong>).<\/p>\n<p>A todo \u00e9sto se le debe sumar la participaci\u00f3n de los 60 m\u00fasicos de la <strong>Orquesta Sinf\u00f3nica<\/strong> de la <em>Benem\u00e9rita Universidad Aut\u00f3noma de Puebla<\/em> (<em>BUAP<\/em>) donde el maestro <strong>Alejandro Cervantes<\/strong> est\u00e1 a cargo de los m\u00fasicos de la <em>BUAP<\/em>.<\/p>\n<p>Algunas de las piezas musicales que podremos disfrutar en este espect\u00e1culo son <strong>Dentro de un Mensaje e Ileso<\/strong>, <strong>45 grados<\/strong>, <strong>Luna<\/strong>, <strong>Ch\u00fantaros Style<\/strong>, <strong>Noreste Caliente<\/strong>, <strong>Siento que<\/strong>, <strong>S\u00ed<\/strong>, <strong>Se\u00f1or<\/strong>, <strong>Afroman<\/strong>, entre muchas otras.<\/p>\n<p>Es momento de aprovechar la edici\u00f3n de esta presentaci\u00f3n que ahora tendr\u00e1 presencia en la Ciudad de M\u00e9xico y que nos recuerdan los temas del rock regiomontano que son representativos para una generaci\u00f3n \u00bfSer\u00e1 este el regreso o resurgimiento de este influyente movimiento? Se espera se est\u00e9n planeando otros puntos de encuentro para estos m\u00fasicos, mientras tanto los boletos ya est\u00e1n a la venta.<\/p>\n","protected":false},"excerpt":{"rendered":"<p>&nbsp; En conferencia de prensa, la Avanzada Sinf\u00f3nica dio a conocer algunos detalles \u00a0de lo que podremos ver el pr\u00f3ximo 30 \u00a0de mayo en el Teatro Metrop\u00f3litan en punto de las 20:30 hrs, un evento que pretende traer de vuelta aquel movimiento denominado \u201cLa Avanzada Regia\u201d que tuvo impacto a principios de este siglo XXI.&hellip;<\/p>\n","protected":false},"author":140,"featured_media":24345,"comment_status":"open","ping_status":"open","sticky":false,"template":"","format":"standard","meta":{"wp_popup_display_lightbox":0,"wp_popup_suppress":"","wp_popup_trigger":"","wp_popup_trigger_amount":0,"wp_popup_disable_on_mobile":false,"footnotes":""},"categories":[1,147],"tags":[],"class_list":["post-24344","post","type-post","status-publish","format-standard","has-post-thumbnail","hentry","category-interferencia","category-categoria-uno","category-1","category-147","description-off"],"_links":{"self":[{"href":"https:\/\/www.imer.mx\/interferencia\/wp-json\/wp\/v2\/posts\/24344","targetHints":{"allow":["GET"]}}],"collection":[{"href":"https:\/\/www.imer.mx\/interferencia\/wp-json\/wp\/v2\/posts"}],"about":[{"href":"https:\/\/www.imer.mx\/interferencia\/wp-json\/wp\/v2\/types\/post"}],"author":[{"embeddable":true,"href":"https:\/\/www.imer.mx\/interferencia\/wp-json\/wp\/v2\/users\/140"}],"replies":[{"embeddable":true,"href":"https:\/\/www.imer.mx\/interferencia\/wp-json\/wp\/v2\/comments?post=24344"}],"version-history":[{"count":0,"href":"https:\/\/www.imer.mx\/interferencia\/wp-json\/wp\/v2\/posts\/24344\/revisions"}],"wp:featuredmedia":[{"embeddable":true,"href":"https:\/\/www.imer.mx\/interferencia\/wp-json\/wp\/v2\/media\/24345"}],"wp:attachment":[{"href":"https:\/\/www.imer.mx\/interferencia\/wp-json\/wp\/v2\/media?parent=24344"}],"wp:term":[{"taxonomy":"category","embeddable":true,"href":"https:\/\/www.imer.mx\/interferencia\/wp-json\/wp\/v2\/categories?post=24344"},{"taxonomy":"post_tag","embeddable":true,"href":"https:\/\/www.imer.mx\/interferencia\/wp-json\/wp\/v2\/tags?post=24344"}],"curies":[{"name":"wp","href":"https:\/\/api.w.org\/{rel}","templated":true}]}}