{"id":24335,"date":"2019-05-06T19:17:42","date_gmt":"2019-05-07T00:17:42","guid":{"rendered":"https:\/\/www.imer.mx\/interferencia\/?p=24335"},"modified":"2019-05-06T19:24:16","modified_gmt":"2019-05-07T00:24:16","slug":"the-national-regresa-con-todo","status":"publish","type":"post","link":"https:\/\/www.imer.mx\/interferencia\/the-national-regresa-con-todo\/","title":{"rendered":"The National regresa con todo"},"content":{"rendered":"<p>&nbsp;<\/p>\n<p>La banda estadounidense formada en 1999, regresa a nuestro pa\u00eds para este 2019. Recientemente han dado a conocer un nuevo sencillo titulado <strong>\u201cHairpin Turns\u201d<\/strong> el cual ya cuenta con un v\u00eddeo oficial dirigido por <strong>Mike Mills, <\/strong>el director de la cinta \u201c<strong>20th Century Women<\/strong>\u201d. En el v\u00eddeo de esta nueva canci\u00f3n, observamos la participaci\u00f3n de bailarinas como <strong>Sharon Eyal<\/strong>, <strong>Gail Ann Dorsey<\/strong>,&nbsp; <strong>Pauline Delasser<\/strong> (<strong>Mina Tindle<\/strong>) y <strong>Kate Stables.<\/strong><\/p>\n<p><iframe loading=\"lazy\" width=\"1200\" height=\"675\" src=\"https:\/\/www.youtube.com\/embed\/W_aN81SBI3A?feature=oembed\" frameborder=\"0\" allow=\"accelerometer; autoplay; encrypted-media; gyroscope; picture-in-picture\" allowfullscreen><\/iframe><\/p>\n<p>El nuevo sencillo es el parteaguas perfecto para anunciar la llegada del octavo material de estudio de la banda, producci\u00f3n que ser\u00e1 presentada el pr\u00f3ximo 17 de mayo.<\/p>\n<p>Para celebrar la llegada de estos nuevos materiales audiovisuales (\u00c1lbum y cortometraje, que por cierto es protagonizado por la actriz <a href=\"https:\/\/www.sopitas.com\/musica\/cine-tonala-proyectara-i-am-easy-to-find-de-the-national\/\"><strong>Alicia Vikander<\/strong><\/a>) la banda prepara una serie de proyecciones a nivel mundial que comienzan este 6 de mayo, contempla ciudades como Los \u00c1ngeles, Brooklyn, Chicago, London, Liverpool, Glasgow, Leeds, Tokyo, Sydney, Melbourne, Madrid, Barcelona, Oslo, Copenhague, Mil\u00e1n y por supuesto la Ciudad de M\u00e9xico.<\/p>\n<blockquote class=\"twitter-tweet\" data-width=\"550\" data-dnt=\"true\">\n<p lang=\"en\" dir=\"ltr\">We\u2019re very excited to share details of a number of worldwide \u2018I Am Easy To Find\u2019 screenings and album listening events beginning May 6th.  <br \/>You can find all the individual events, with relevant ticket details and RSVP, here: <a href=\"https:\/\/t.co\/LZf13OUyD3\">https:\/\/t.co\/LZf13OUyD3<\/a> <a href=\"https:\/\/t.co\/JPLq9DvpnA\">pic.twitter.com\/JPLq9DvpnA<\/a><\/p>\n<p>&mdash; The National (@TheNational) <a href=\"https:\/\/twitter.com\/TheNational\/status\/1123226487468056578?ref_src=twsrc%5Etfw\">April 30, 2019<\/a><\/p><\/blockquote>\n<p><script async src=\"https:\/\/platform.twitter.com\/widgets.js\" charset=\"utf-8\"><\/script><\/p>\n<p>&nbsp;<\/p>\n<p>La banda anunci\u00f3 una serie de presentaciones como parte de una gira para promocionar la nueva producci\u00f3n de estudio \u201c<strong>I Am Easy To Find<\/strong>\u201d. Nuestro pa\u00eds no pod\u00eda quedar fuera, es por eso que disfrutaremos de un espect\u00e1culo \u00fanico este pr\u00f3ximo 16 de octubre en el <em>Pepsi Center<\/em>.<\/p>\n<blockquote class=\"twitter-tweet\" data-width=\"550\" data-dnt=\"true\">\n<p lang=\"en\" dir=\"ltr\">We\u2019ve also added a few 2019 dates:<\/p>\n<p>May 15 &#8211; Philadelphia, PA &#8211; Union Transfer<br \/>October 16 &#8211; Mexico City, MX &#8211; Pepsi Center<br \/>October 24 &#8211; Boston, MA &#8211; Agganis Arena<\/p>\n<p>Philadelphia &amp; Boston tickets on sale Friday. Mexico City on sale May 8th. <a href=\"https:\/\/t.co\/JrUsP4OQHJ\">https:\/\/t.co\/JrUsP4OQHJ<\/a> <a href=\"https:\/\/t.co\/Z8XmBWyUwX\">pic.twitter.com\/Z8XmBWyUwX<\/a><\/p>\n<p>&mdash; The National (@TheNational) <a href=\"https:\/\/twitter.com\/TheNational\/status\/1123588380317581312?ref_src=twsrc%5Etfw\">May 1, 2019<\/a><\/p><\/blockquote>\n<p><script async src=\"https:\/\/platform.twitter.com\/widgets.js\" charset=\"utf-8\"><\/script><\/p>\n<p>&nbsp;<\/p>\n<p>&nbsp;<\/p>\n<p>&nbsp;<\/p>\n","protected":false},"excerpt":{"rendered":"<p>&nbsp; La banda estadounidense formada en 1999, regresa a nuestro pa\u00eds para este 2019. Recientemente han dado a conocer un nuevo sencillo titulado \u201cHairpin Turns\u201d el cual ya cuenta con un v\u00eddeo oficial dirigido por Mike Mills, el director de la cinta \u201c20th Century Women\u201d. En el v\u00eddeo de esta nueva canci\u00f3n, observamos la participaci\u00f3n&hellip;<\/p>\n","protected":false},"author":140,"featured_media":24336,"comment_status":"open","ping_status":"open","sticky":false,"template":"","format":"standard","meta":{"wp_popup_display_lightbox":0,"wp_popup_suppress":"","wp_popup_trigger":"","wp_popup_trigger_amount":0,"wp_popup_disable_on_mobile":false,"footnotes":""},"categories":[1,147],"tags":[],"class_list":["post-24335","post","type-post","status-publish","format-standard","has-post-thumbnail","hentry","category-interferencia","category-categoria-uno","category-1","category-147","description-off"],"_links":{"self":[{"href":"https:\/\/www.imer.mx\/interferencia\/wp-json\/wp\/v2\/posts\/24335","targetHints":{"allow":["GET"]}}],"collection":[{"href":"https:\/\/www.imer.mx\/interferencia\/wp-json\/wp\/v2\/posts"}],"about":[{"href":"https:\/\/www.imer.mx\/interferencia\/wp-json\/wp\/v2\/types\/post"}],"author":[{"embeddable":true,"href":"https:\/\/www.imer.mx\/interferencia\/wp-json\/wp\/v2\/users\/140"}],"replies":[{"embeddable":true,"href":"https:\/\/www.imer.mx\/interferencia\/wp-json\/wp\/v2\/comments?post=24335"}],"version-history":[{"count":0,"href":"https:\/\/www.imer.mx\/interferencia\/wp-json\/wp\/v2\/posts\/24335\/revisions"}],"wp:featuredmedia":[{"embeddable":true,"href":"https:\/\/www.imer.mx\/interferencia\/wp-json\/wp\/v2\/media\/24336"}],"wp:attachment":[{"href":"https:\/\/www.imer.mx\/interferencia\/wp-json\/wp\/v2\/media?parent=24335"}],"wp:term":[{"taxonomy":"category","embeddable":true,"href":"https:\/\/www.imer.mx\/interferencia\/wp-json\/wp\/v2\/categories?post=24335"},{"taxonomy":"post_tag","embeddable":true,"href":"https:\/\/www.imer.mx\/interferencia\/wp-json\/wp\/v2\/tags?post=24335"}],"curies":[{"name":"wp","href":"https:\/\/api.w.org\/{rel}","templated":true}]}}