{"id":24276,"date":"2019-03-12T17:41:51","date_gmt":"2019-03-12T23:41:51","guid":{"rendered":"https:\/\/www.imer.mx\/interferencia\/?p=24276"},"modified":"2019-03-12T17:41:51","modified_gmt":"2019-03-12T23:41:51","slug":"no-te-pierdas-la-ultima-funcion-de-este-tributo-a-queen","status":"publish","type":"post","link":"https:\/\/www.imer.mx\/interferencia\/no-te-pierdas-la-ultima-funcion-de-este-tributo-a-queen\/","title":{"rendered":"No te pierdas la \u00faltima funci\u00f3n de este tributo a Queen"},"content":{"rendered":"<p style=\"text-align: right\">By Charly Monroy<\/p>\n<p>Durante las \u00faltimas fechas se ha estado hablando del \u00e9xito rotundo que ha tenido <strong>Queen<\/strong> gracias a la pel\u00edcula de \u201c<strong>Bohemian Rhapsody<\/strong>\u201d, sin duda <strong>Freddie Mercury<\/strong> es de los pocos que ha llegado conmover los corazones de sus <em>fans<\/em> haciendo que la banda londinense se posicione a la altura de otras como <strong>The Rolling Stones<\/strong>, <strong>The Beatles<\/strong>,<strong> The Who<\/strong>, <strong>Led Zeppelin<\/strong>, entre otras, alcanzando as\u00ed un gran fama.<\/p>\n<p>Los tributos que se han realizado para esta banda y el ic\u00f3nico cantante no se hacen esperar, pues ahora los artista de <strong>\u00d3pera Prima Rock: Queen<\/strong> presentan un espect\u00e1culo en donde disfrutaremos de las canciones ya conocidas como \u201c<strong>Bohemian Rhapsody<\/strong>\u201d, \u201c<strong>We Will Rock You<\/strong>\u201d o \u201c<strong>We Are The Champions<\/strong>\u201d.<\/p>\n<p>Veremos a siete cantantes en escena representando a la nobleza del siglo XVIII, por lo que degustaremos de una combinaci\u00f3n entre el teatro, la m\u00fasica de <strong>Mozart <\/strong>y, por supuesto, los \u00e9xitos de los brit\u00e1nicos, evocando as\u00ed una experiencia auditiva \u00fanica, intensa y para el deleite del p\u00fablico.<\/p>\n<p>No te pierdas este espect\u00e1culo que tendr\u00e1 lugar en el <strong>Teatro del Parque Interlomas<\/strong>, donde por cierto, ya tuvieron una primera presentaci\u00f3n el pasado 7 de marzo. Pero puedes volver a presenciar c\u00f3mo la Reina del Rock se levanta y sus s\u00fabditos se muestran reverentes ante dicho espect\u00e1culo est\u00e9 pr\u00f3ximo 14 de marzo a las 20:30 hrs.<\/p>\n<p>Boletos ya a la venta, no te lo pierdas.<\/p>\n","protected":false},"excerpt":{"rendered":"<p>By Charly Monroy Durante las \u00faltimas fechas se ha estado hablando del \u00e9xito rotundo que ha tenido Queen gracias a la pel\u00edcula de \u201cBohemian Rhapsody\u201d, sin duda Freddie Mercury es de los pocos que ha llegado conmover los corazones de sus fans haciendo que la banda londinense se posicione a la altura de otras como&hellip;<\/p>\n","protected":false},"author":140,"featured_media":24277,"comment_status":"open","ping_status":"open","sticky":false,"template":"","format":"standard","meta":{"wp_popup_display_lightbox":0,"wp_popup_suppress":"","wp_popup_trigger":"","wp_popup_trigger_amount":0,"wp_popup_disable_on_mobile":false,"footnotes":""},"categories":[1,147],"tags":[],"class_list":["post-24276","post","type-post","status-publish","format-standard","has-post-thumbnail","hentry","category-interferencia","category-categoria-uno","category-1","category-147","description-off"],"_links":{"self":[{"href":"https:\/\/www.imer.mx\/interferencia\/wp-json\/wp\/v2\/posts\/24276","targetHints":{"allow":["GET"]}}],"collection":[{"href":"https:\/\/www.imer.mx\/interferencia\/wp-json\/wp\/v2\/posts"}],"about":[{"href":"https:\/\/www.imer.mx\/interferencia\/wp-json\/wp\/v2\/types\/post"}],"author":[{"embeddable":true,"href":"https:\/\/www.imer.mx\/interferencia\/wp-json\/wp\/v2\/users\/140"}],"replies":[{"embeddable":true,"href":"https:\/\/www.imer.mx\/interferencia\/wp-json\/wp\/v2\/comments?post=24276"}],"version-history":[{"count":0,"href":"https:\/\/www.imer.mx\/interferencia\/wp-json\/wp\/v2\/posts\/24276\/revisions"}],"wp:featuredmedia":[{"embeddable":true,"href":"https:\/\/www.imer.mx\/interferencia\/wp-json\/wp\/v2\/media\/24277"}],"wp:attachment":[{"href":"https:\/\/www.imer.mx\/interferencia\/wp-json\/wp\/v2\/media?parent=24276"}],"wp:term":[{"taxonomy":"category","embeddable":true,"href":"https:\/\/www.imer.mx\/interferencia\/wp-json\/wp\/v2\/categories?post=24276"},{"taxonomy":"post_tag","embeddable":true,"href":"https:\/\/www.imer.mx\/interferencia\/wp-json\/wp\/v2\/tags?post=24276"}],"curies":[{"name":"wp","href":"https:\/\/api.w.org\/{rel}","templated":true}]}}