{"id":19131,"date":"2024-10-13T10:13:46","date_gmt":"2024-10-13T16:13:46","guid":{"rendered":"https:\/\/www.imer.mx\/horizonte\/?p=19131"},"modified":"2024-10-15T10:14:12","modified_gmt":"2024-10-15T16:14:12","slug":"dafnis-prieto-cerro-con-concierto-lleno-el-festival-internacional-jazzuv-2024","status":"publish","type":"post","link":"https:\/\/www.imer.mx\/horizonte\/dafnis-prieto-cerro-con-concierto-lleno-el-festival-internacional-jazzuv-2024\/","title":{"rendered":"Dafnis Prieto cerr\u00f3 con concierto lleno el Festival Internacional JazzUV 2024"},"content":{"rendered":"<div class=\"wpb-content-wrapper\"><p>[vc_row][vc_column][vc_custom_heading text=&#8221;Dafnis Prieto cerr\u00f3 con concierto lleno el Festival Internacional JazzUV 2024&#8243; google_fonts=&#8221;font_family:Montserrat%3Aregular%2C700|font_style:400%20regular%3A400%3Anormal&#8221;][vc_empty_space height=&#8221;20px&#8221;][vc_column_text]<\/p>\n<p style=\"text-align: right\">13 de octubre de 2024<\/p>\n<p style=\"font-weight: 400\">Por David Mej\u00eda<\/p>\n<p class=\"s2\">Las actividades correspondientes al Festival Internacional JazzUV 2024 llegaron a su fin este s\u00e1bado 13 de octubre, enmarcadas por el concierto que ofreci\u00f3 el aclamado baterista y compositor cubano Dafnis Prieto ante m\u00e1s de mil asistentes que llenaron el Teatro del Estado Gral. Ignacio de la Llave. Minutos antes del espect\u00e1culo, Jes\u00fas Rodr\u00edguez Alarc\u00f3n, Director del Festival; y Beatriz S\u00e1nchez Zurita, Directora General del \u00c1rea Acad\u00e9mica de Artes de la UV; agradecieron al p\u00fablico, a la comunidad estudiantil y a las autoridades de la Universidad Veracruzana por sumar esfuerzos y haber hecho posible una exitosa d\u00e9cima edici\u00f3n: \u201cLa m\u00fasica es de todos y para todos, vamos a seguir trabajando para que nos volvamos a encontrar muy pronto en la onceava edici\u00f3n\u201d, remarc\u00f3 Rodriguez.<\/p>\n<p class=\"s2\">Dafnis Prieto fue el encargado de abrochar el evento con su \u201cS\u00ed o S\u00ed Quartet\u201d, conformado por Mart\u00edn Bejarano en el piano, Ricky Rodr\u00edguez en el bajo, y Peter Apfelbaum en el saxof\u00f3n y las flautas. Los primeros redobles del baterista fueron la p\u00f3lvora que encendi\u00f3 los \u00e1nimos del p\u00fablico que ovacionaba y reconoc\u00eda con asombro el virtuosismo y la sinergia de la agrupaci\u00f3n que interpret\u00f3 en su totalidad su m\u00e1s reciente disco:<span class=\"s3\"> 3 Sides of the coin, <\/span>material con el que el artista conmemora 25 a\u00f1os de carrera en en Estados Unidos.\u201cMuchas gracias por estar aqu\u00ed, es la primera vez\u201d, expres\u00f3 sonriente el m\u00fasico despu\u00e9s de abrir la velada con los temas \u201cCaprichos cubanos\u201d y \u201cAlba\u201d.<\/p>\n<p class=\"s2\">Cabe mencionar que un d\u00eda antes, Dafnis Prieto se dio el tiempo de ofrecer una clase maestra a los estudiantes del Centro de Estudios de Jazz, que igualmente llenaron el aforo del Teatro J.J. Rodr\u00edguez. Coment\u00f3 que empez\u00f3 su carrera estudiando m\u00fasica cl\u00e1sica, asimismo se dijo entusiasta de la tradici\u00f3n como una forma de evoluci\u00f3n que nunca se detiene: \u201ct\u00fa no eres de d\u00f3nde vienes, lo que te define es y hacia d\u00f3nde quieres ir\u201d, dijo.<\/p>\n<p>[\/vc_column_text][\/vc_column][\/vc_row][vc_row][vc_column][vc_single_image image=&#8221;19133&#8243; img_size=&#8221;full&#8221;][vc_column_text]<\/p>\n<p class=\"s2\">El concierto continu\u00f3 con notables interpretaciones y solos de bater\u00eda que llevaron al respetable por una monta\u00f1a rusa de emociones gracias a sus impredecibles cambios de ritmo de las tarolas, el bombo, y los platillos. Comparti\u00f3 que el tema \u201cThe happiest boy in town\u201d est\u00e1 inspirado en una fotograf\u00eda de Charlie Parker tomada durante su infancia; aquel retrato lo llev\u00f3 a imaginar y descifrar, musicalmente hablando, lo que hab\u00eda detr\u00e1s de la enigm\u00e1tica sonrisa del joven que a la postre se convirti\u00f3 en una leyenda del saxof\u00f3n y la m\u00fasica en general. \u201cConga ingenua\u201d fue la pieza con la que Dafnis Prieto cerr\u00f3 su concierto ante los aplausos y el reconocimiento del p\u00fablico que lo despidi\u00f3 de pie: \u201cha sido una experiencia magn\u00edfica compartir con la gente que ama la m\u00fasica\u201d, concluy\u00f3 visiblemente emocionado.<\/p>\n<p class=\"s2\">Es as\u00ed como finalizaron las actividades correspondientes a la D\u00e9cima Edici\u00f3n del Festival Internacional JazzUV, una fiesta musical en Xalapa, Veracruz, que por cuatro d\u00edas marc\u00f3 el encuentro de m\u00e1s de 60 m\u00fasicos nacionales e internacionales como Carlos Maldonado, Shenel Johns, Miguel Zen\u00f3n, Danilo P\u00e9rez, entre muchos otros; que compartieron su conocimiento con los estudiantes del Centro de Estudios de Jazz. Sin lugar a dudas, una experiencia invaluable y enriquecedora que seguramente continuar\u00e1 alimentando la creatividad y la escena del jazz mexicano el pr\u00f3ximo a\u00f1o.<\/p>\n<p><strong>Fotos:<\/strong> David Mej\u00eda[\/vc_column_text][\/vc_column][\/vc_row][vc_row][vc_column][\/vc_column][\/vc_row]<\/p>\n<\/div>","protected":false},"excerpt":{"rendered":"<p>Es as\u00ed como finalizaron las actividades correspondientes a la D\u00e9cima Edici\u00f3n del Festival Internacional JazzUV, una fiesta musical en Xalapa, Veracruz  <\/p>\n","protected":false},"author":141,"featured_media":19132,"comment_status":"open","ping_status":"open","sticky":false,"template":"","format":"standard","meta":{"wp_popup_display_lightbox":0,"wp_popup_suppress":"","wp_popup_trigger":"","wp_popup_trigger_amount":0,"wp_popup_disable_on_mobile":false,"footnotes":""},"categories":[29,25,4,167,5],"tags":[173,56,168,82],"class_list":["post-19131","post","type-post","status-publish","format-standard","has-post-thumbnail","hentry","category-conciertos","category-destacados","category-horizonte","category-jazzuv","category-noticias","tag-dafnis-prieto","tag-horizonte","tag-jazzuv","tag-noticias","category-29","category-25","category-4","category-167","category-5","description-off"],"_links":{"self":[{"href":"https:\/\/www.imer.mx\/horizonte\/wp-json\/wp\/v2\/posts\/19131","targetHints":{"allow":["GET"]}}],"collection":[{"href":"https:\/\/www.imer.mx\/horizonte\/wp-json\/wp\/v2\/posts"}],"about":[{"href":"https:\/\/www.imer.mx\/horizonte\/wp-json\/wp\/v2\/types\/post"}],"author":[{"embeddable":true,"href":"https:\/\/www.imer.mx\/horizonte\/wp-json\/wp\/v2\/users\/141"}],"replies":[{"embeddable":true,"href":"https:\/\/www.imer.mx\/horizonte\/wp-json\/wp\/v2\/comments?post=19131"}],"version-history":[{"count":0,"href":"https:\/\/www.imer.mx\/horizonte\/wp-json\/wp\/v2\/posts\/19131\/revisions"}],"wp:featuredmedia":[{"embeddable":true,"href":"https:\/\/www.imer.mx\/horizonte\/wp-json\/wp\/v2\/media\/19132"}],"wp:attachment":[{"href":"https:\/\/www.imer.mx\/horizonte\/wp-json\/wp\/v2\/media?parent=19131"}],"wp:term":[{"taxonomy":"category","embeddable":true,"href":"https:\/\/www.imer.mx\/horizonte\/wp-json\/wp\/v2\/categories?post=19131"},{"taxonomy":"post_tag","embeddable":true,"href":"https:\/\/www.imer.mx\/horizonte\/wp-json\/wp\/v2\/tags?post=19131"}],"curies":[{"name":"wp","href":"https:\/\/api.w.org\/{rel}","templated":true}]}}