{"id":19127,"date":"2024-10-11T10:06:05","date_gmt":"2024-10-11T16:06:05","guid":{"rendered":"https:\/\/www.imer.mx\/horizonte\/?p=19127"},"modified":"2024-10-15T10:06:25","modified_gmt":"2024-10-15T16:06:25","slug":"la-profunda-voz-de-shenel-jonhs-acompanada-de-la-big-band-jazzuv","status":"publish","type":"post","link":"https:\/\/www.imer.mx\/horizonte\/la-profunda-voz-de-shenel-jonhs-acompanada-de-la-big-band-jazzuv\/","title":{"rendered":"La profunda voz de Shenel Jonhs acompa\u00f1ada de la Big Band JazzUV"},"content":{"rendered":"<div class=\"wpb-content-wrapper\"><p>[vc_row][vc_column][vc_custom_heading text=&#8221;La profunda voz de Shenel Jonhs acompa\u00f1ada de la Big Band JazzUV&#8221; google_fonts=&#8221;font_family:Montserrat%3Aregular%2C700|font_style:400%20regular%3A400%3Anormal&#8221;][vc_empty_space height=&#8221;20px&#8221;][vc_column_text]<\/p>\n<p style=\"text-align: right\">11 de octubre de 2024<\/p>\n<p style=\"font-weight: 400\">Por Nancy Zamher<\/p>\n<p class=\"s3\"><span class=\"s4\">Con un vestido<\/span> <span class=\"s4\">elegante de tonos c\u00e1lido<\/span><span class=\"s4\">s<\/span><span class=\"s4\">, Shenel Jonhs conquist\u00f3 el escenario del Teatro del Estado<\/span> <span class=\"s4\">G<\/span><span class=\"s4\">eneral<\/span><span class=\"s4\"> Ignacio de la Llave<\/span> <span class=\"s4\">en la Ciudad de Xalapa, Veracruz, durante su participaci\u00f3n en el 10\u00ba Festival Internacional JazzUV. <\/span><\/p>\n<p class=\"s3\"><span class=\"s4\">De voz profunda y privilegiada, con un registro vocal amplio y una capacidad esc\u00e9nica hechizante, la cantante estuvo acompa\u00f1ada de la Big Band JazzUV, orquesta formada por estudiantes del Centro de Estudios de Jazz de la Universidad Veracruzana, dirigida por Tonatiuh <\/span><span class=\"s4\">Vazquez, <\/span><span class=\"s5\">arreglista<\/span><span class=\"s5\"> y <\/span><span class=\"s5\">compositor mexicano<\/span><span class=\"s5\">, profesor de esta casa de estudios.<\/span><\/p>\n<p>[\/vc_column_text][\/vc_column][\/vc_row][vc_row][vc_column][vc_single_image image=&#8221;19129&#8243; img_size=&#8221;full&#8221;][vc_custom_heading text=&#8221;Cautiv\u00f3 al p\u00fablico en Xalapa&#8221; font_container=&#8221;tag:h2|text_align:center&#8221;][vc_column_text]<\/p>\n<p class=\"s3\"><span class=\"s4\">Graduada del Instituto Jackie McLean en Hartt School of Music y alumna de artistas como Rene McLean, Jimmy Greene, Steve Davis y Nat Reeves<\/span><span class=\"s4\">;<\/span><span class=\"s4\"> Shenel Johns es una cantante de la ciudad de Nueva York quien, desde los 14 a\u00f1os, ha desarrollado un estilo \u00fanico capaz de cautivar al medio jazz\u00edstico<\/span><span class=\"s4\"> no solo<\/span><span class=\"s4\"> en Estados Unidos<\/span><span class=\"s4\">, tambi\u00e9n<\/span><span class=\"s4\"> en <\/span><span class=\"s4\">pa\u00edses como M\u00e9xico.<\/span><\/p>\n<p class=\"s3\"><span class=\"s4\">No es la primera vez que Shenel visita nuestro pa\u00eds, anteriormente se ha presentado en diferentes estados de la rep\u00fablica, sin embargo, durante el concierto <\/span><span class=\"s4\">confes\u00f3<\/span><span class=\"s4\"> que Veracruz es especial. \u201cQued\u00e9 fascinada con este lugar, sobre todo con la ciudad de Xalapa, es un lugar muy bonito\u2026 ideal para vivir\u201d, expres\u00f3 la cantante con tesitura de contralto<\/span> <span class=\"s4\">quien ha colaborado con<\/span><span class=\"s4\"> Curtis Fuller, Winton Marsalis, Hank Jones y Eddie Palmieri.<\/span><\/p>\n<p>[\/vc_column_text][vc_custom_heading text=&#8221;\u201cLos arreglos son de estudiantes de JazzUV\u201d&#8221; font_container=&#8221;tag:h2|text_align:center&#8221;][vc_column_text]<\/p>\n<p class=\"s3\"><span class=\"s4\">Desde que subi\u00f3 al escenario con su voz potente y llena de matices, <\/span><span class=\"s4\">Shenel <\/span><span class=\"s4\">coment\u00f3 que no interpretar\u00edan repertorio de manera tradicional ya que, de acuerdo con Tonatiuh Vazquez, cada pieza que tocaron en este recinto cultural, durante la segunda noche del festival, <\/span><span class=\"s4\">cont\u00f3 con<\/span><span class=\"s4\"> los arreglos de j\u00f3venes <\/span><span class=\"s4\">estuddiantes, <\/span><span class=\"s4\">integrantes de la Big Band JazzUV.<\/span><\/p>\n<p class=\"s3\"><span class=\"s4\">Con una brillante capacidad de improvisaci\u00f3n, Shenel Jonhs y la orquesta de catorce m\u00fasicos, se ganaron los aplausos y el cari\u00f1o de la gente al interpretar temas como <\/span><span class=\"s6\">Heaven<\/span><span class=\"s4\">, <\/span><span class=\"s6\">Lady Marmalade<\/span><span class=\"s4\">, <\/span><span class=\"s4\">ademas de <\/span><span class=\"s6\">standards<\/span><span class=\"s4\"> de Billy Holiday, Nancy Wilson, y una pieza del compositor favorito de la cantante estadounidense<\/span><span class=\"s4\">:<\/span><span class=\"s4\"> Thelonous Monk.<\/span><\/p>\n<p><strong>Fotos:<\/strong> David Mej\u00eda[\/vc_column_text][\/vc_column][\/vc_row][vc_row][vc_column][\/vc_column][\/vc_row]<\/p>\n<\/div>","protected":false},"excerpt":{"rendered":"<p>No es la primera vez que Shenel visita nuestro pa\u00eds, anteriormente se ha presentado en diferentes estados de la rep\u00fablica, sin embargo, durante el concierto confes\u00f3 que Veracruz es especial. \u201cQued\u00e9 fascinada con este lugar, sobre todo con la ciudad de Xalapa, es un lugar muy bonito\u2026 ideal para vivir\u201d<\/p>\n","protected":false},"author":141,"featured_media":19128,"comment_status":"open","ping_status":"open","sticky":false,"template":"","format":"standard","meta":{"wp_popup_display_lightbox":0,"wp_popup_suppress":"","wp_popup_trigger":"","wp_popup_trigger_amount":0,"wp_popup_disable_on_mobile":false,"footnotes":""},"categories":[29,25,4,167,5],"tags":[56,168,82,172],"class_list":["post-19127","post","type-post","status-publish","format-standard","has-post-thumbnail","hentry","category-conciertos","category-destacados","category-horizonte","category-jazzuv","category-noticias","tag-horizonte","tag-jazzuv","tag-noticias","tag-shenel-johns","category-29","category-25","category-4","category-167","category-5","description-off"],"_links":{"self":[{"href":"https:\/\/www.imer.mx\/horizonte\/wp-json\/wp\/v2\/posts\/19127","targetHints":{"allow":["GET"]}}],"collection":[{"href":"https:\/\/www.imer.mx\/horizonte\/wp-json\/wp\/v2\/posts"}],"about":[{"href":"https:\/\/www.imer.mx\/horizonte\/wp-json\/wp\/v2\/types\/post"}],"author":[{"embeddable":true,"href":"https:\/\/www.imer.mx\/horizonte\/wp-json\/wp\/v2\/users\/141"}],"replies":[{"embeddable":true,"href":"https:\/\/www.imer.mx\/horizonte\/wp-json\/wp\/v2\/comments?post=19127"}],"version-history":[{"count":0,"href":"https:\/\/www.imer.mx\/horizonte\/wp-json\/wp\/v2\/posts\/19127\/revisions"}],"wp:featuredmedia":[{"embeddable":true,"href":"https:\/\/www.imer.mx\/horizonte\/wp-json\/wp\/v2\/media\/19128"}],"wp:attachment":[{"href":"https:\/\/www.imer.mx\/horizonte\/wp-json\/wp\/v2\/media?parent=19127"}],"wp:term":[{"taxonomy":"category","embeddable":true,"href":"https:\/\/www.imer.mx\/horizonte\/wp-json\/wp\/v2\/categories?post=19127"},{"taxonomy":"post_tag","embeddable":true,"href":"https:\/\/www.imer.mx\/horizonte\/wp-json\/wp\/v2\/tags?post=19127"}],"curies":[{"name":"wp","href":"https:\/\/api.w.org\/{rel}","templated":true}]}}