{"id":19113,"date":"2024-10-10T19:09:24","date_gmt":"2024-10-11T01:09:24","guid":{"rendered":"https:\/\/www.imer.mx\/horizonte\/?p=19113"},"modified":"2024-10-10T19:15:37","modified_gmt":"2024-10-11T01:15:37","slug":"carlos-maldonado-el-sonido-viene-de-un-impulso-interno","status":"publish","type":"post","link":"https:\/\/www.imer.mx\/horizonte\/carlos-maldonado-el-sonido-viene-de-un-impulso-interno\/","title":{"rendered":"Carlos Maldonado: \u201cel sonido viene de un impulso interno\u201d"},"content":{"rendered":"<div class=\"wpb-content-wrapper\"><p>[vc_row][vc_column][vc_custom_heading text=&#8221;Carlos Maldonado: \u201cel sonido viene de un impulso interno\u201d<br \/>\n&#8221; google_fonts=&#8221;font_family:Montserrat%3Aregular%2C700|font_style:400%20regular%3A400%3Anormal&#8221;][vc_empty_space height=&#8221;20px&#8221;][vc_column_text]<\/p>\n<p style=\"text-align: right\">10 de octubre de 2024<\/p>\n<p style=\"font-weight: 400\">Por Nancy Zamher<\/p>\n<p>En el escenario del Teatro Juan Jes\u00fas Herrera de la Ciudad de Xalapa, con el contrabajo en sus manos, Carlos Maldonado, m\u00fasico originario de Torre\u00f3n, Coahuila, coment\u00f3 que el primer lugar donde estudi\u00f3 jazz fue en la capital veracruzana.<\/p>\n<p>\u201cXalapa representa una ventana al universo musical, una escuela importante para la cultura, la m\u00fasica y el jazz a nivel internacional\u201d, asegur\u00f3 durante la primera clase maestra del Festival Internacional JazzUV, que se lleva a cabo del 9 al 12 de octubre en la tambi\u00e9n conocida \u201cLa Ciudad de las Flores\u201d.<span class=\"Apple-converted-space\">\u00a0<\/span><\/p>\n<p>Maldonado platic\u00f3 que comenz\u00f3 a tocar a los 14 a\u00f1os y que aprendi\u00f3 de maestros como Agust\u00edn Bernal y V\u00edctor Flores. \u201cEl contrabajo me eligi\u00f3 a m\u00ed, yo solo me dej\u00e9 llevar por la marea de la m\u00fasica\u201c, dijo a j\u00f3venes estudiantes durante la d\u00e9cima edici\u00f3n de este festival de jazz.<\/p>\n<p>El contrabajista mexicano, residente en la ciudad de Montreal, Canad\u00e1, indic\u00f3 que tambi\u00e9n fue en la ciudad de Xalapa que conoci\u00f3 a m\u00fasicos y colegas con quienes se presentar\u00e1 en la d\u00e9cima edici\u00f3n de este festival con su proyecto Carlos Malcisne Ensamble-Jazz de C\u00e1mara, este jueves 10 de octubre en este mismo recinto cultural, ubicado en el coraz\u00f3n de Xalapa.-Enr\u00edquez.[\/vc_column_text][vc_custom_heading text=&#8221;Nuestra sangre, nuestro ritmo<\/p>\n<p>&#8221; google_fonts=&#8221;font_family:Montserrat%3Aregular%2C700|font_style:400%20regular%3A400%3Anormal&#8221;][\/vc_column][\/vc_row][vc_row][vc_column][vc_column_text]Carlos Maldonado ha tenido la oportunidad de tocar con grandes figuras del jazz en Canad\u00e1, que le ense\u00f1aron, sobre todo, la interpretaci\u00f3n y la ejecuci\u00f3n libre, sin embargo, coment\u00f3 que algunos profesores le dec\u00edan: \u201cnosotros no tenemos ese sonido que t\u00fa tienes\u201d.<\/p>\n<p>Y es que, ser latino en lugares fr\u00edos es una ventaja, asever\u00f3. \u201cTomen esto en cuenta porque si contin\u00faan desarrollando el jazz como latinos, pueden llegar a hacer cosas muy interesantes\u201d, aconsej\u00f3 a los estudiantes del Centro de Estudios de Jazz de la Universidad Veracruzana.<\/p>\n<p>As\u00ed mismo, inst\u00f3 a los j\u00f3venes asistentes a salir de su lugar de origen, de su zona de confort. \u201cA veces hace falta que vayamos a otros lugares para darnos cuenta de la riqueza natural que llevamos en nuestra sangre, nuestro ritmo\u201d.<\/p>\n<p>Lo importante es no pensarla tanto, asegur\u00f3. \u201cYo siempre he sido bastante terco en ese sentido. \u00a1Just keep going!\u201d, exclam\u00f3 el m\u00fasico de 45 a\u00f1os, quien adem\u00e1s confes\u00f3 que siempre le ha gustado bailar, sentir el ritmo y emitirlo sin miedo. \u201cEl sonido es lo que me ha abierto las puertas en el mundo de la m\u00fasica\u201d, dijo Maldonado.[\/vc_column_text][vc_single_image image=&#8221;19114&#8243; img_size=&#8221;full&#8221;][vc_custom_heading text=&#8221;\u201cTocar un instrumento es meditar\u201d<\/p>\n<p>&#8221; google_fonts=&#8221;font_family:Montserrat%3Aregular%2C700|font_style:400%20regular%3A400%3Anormal&#8221;][vc_column_text]Detr\u00e1s del m\u00fasico coahuilense hab\u00eda una pantalla en la que se mostraba una partitura con la que el contrabajista empez\u00f3 a dar algunos ejemplos, tips de ejecuci\u00f3n y articulaci\u00f3n con las manos. \u201cNo se preocupen por hacerlo r\u00e1pido o lento, primero enf\u00f3quense en encontrar su sonido, no les va a salir a la primera\u201d, insisti\u00f3.<\/p>\n<p>Tocar un instrumento es meditar, y cada contrabajo es distinto, asegur\u00f3. \u201cEl sonido viene de un impulso interno, no lo controlas t\u00fa, es el presente. Si salen ruidos raros, est\u00e1 bien, eso es ser humano\u2026 no somos robots\u201d, concluy\u00f3 Carlos Maldonado quien se presentar\u00e1 con Los Dorados en el cuarto concierto en el Estudio A del IMER como parte de la serie de conciertos Octubre Jazz, edici\u00f3n 2024, que organiza Horizonte FM.<\/p>\n<p>&nbsp;<\/p>\n<p>&nbsp;<\/p>\n<p><strong>Fotos:<\/strong> David Mej\u00eda[\/vc_column_text][\/vc_column][\/vc_row][vc_row][vc_column][\/vc_column][\/vc_row]<\/p>\n<\/div>","protected":false},"excerpt":{"rendered":"<p>Maldonado platic\u00f3 que comenz\u00f3 a tocar a los 14 a\u00f1os y que aprendi\u00f3 de maestros como Agust\u00edn Bernal y V\u00edctor Flores. \u201cEl contrabajo me eligi\u00f3 a m\u00ed, yo solo me dej\u00e9 llevar por la marea de la m\u00fasica\u201c, dijo a j\u00f3venes estudiantes durante la d\u00e9cima edici\u00f3n de este festival de jazz.<\/p>\n","protected":false},"author":141,"featured_media":19115,"comment_status":"open","ping_status":"open","sticky":false,"template":"","format":"standard","meta":{"wp_popup_display_lightbox":0,"wp_popup_suppress":"","wp_popup_trigger":"","wp_popup_trigger_amount":0,"wp_popup_disable_on_mobile":false,"footnotes":""},"categories":[29,25,4,167,5],"tags":[169,56,168,82],"class_list":["post-19113","post","type-post","status-publish","format-standard","has-post-thumbnail","hentry","category-conciertos","category-destacados","category-horizonte","category-jazzuv","category-noticias","tag-carlos-maldonado","tag-horizonte","tag-jazzuv","tag-noticias","category-29","category-25","category-4","category-167","category-5","description-off"],"_links":{"self":[{"href":"https:\/\/www.imer.mx\/horizonte\/wp-json\/wp\/v2\/posts\/19113","targetHints":{"allow":["GET"]}}],"collection":[{"href":"https:\/\/www.imer.mx\/horizonte\/wp-json\/wp\/v2\/posts"}],"about":[{"href":"https:\/\/www.imer.mx\/horizonte\/wp-json\/wp\/v2\/types\/post"}],"author":[{"embeddable":true,"href":"https:\/\/www.imer.mx\/horizonte\/wp-json\/wp\/v2\/users\/141"}],"replies":[{"embeddable":true,"href":"https:\/\/www.imer.mx\/horizonte\/wp-json\/wp\/v2\/comments?post=19113"}],"version-history":[{"count":0,"href":"https:\/\/www.imer.mx\/horizonte\/wp-json\/wp\/v2\/posts\/19113\/revisions"}],"wp:featuredmedia":[{"embeddable":true,"href":"https:\/\/www.imer.mx\/horizonte\/wp-json\/wp\/v2\/media\/19115"}],"wp:attachment":[{"href":"https:\/\/www.imer.mx\/horizonte\/wp-json\/wp\/v2\/media?parent=19113"}],"wp:term":[{"taxonomy":"category","embeddable":true,"href":"https:\/\/www.imer.mx\/horizonte\/wp-json\/wp\/v2\/categories?post=19113"},{"taxonomy":"post_tag","embeddable":true,"href":"https:\/\/www.imer.mx\/horizonte\/wp-json\/wp\/v2\/tags?post=19113"}],"curies":[{"name":"wp","href":"https:\/\/api.w.org\/{rel}","templated":true}]}}