{"id":18985,"date":"2024-06-29T11:16:11","date_gmt":"2024-06-29T17:16:11","guid":{"rendered":"https:\/\/www.imer.mx\/horizonte\/?p=18985"},"modified":"2024-06-29T11:16:11","modified_gmt":"2024-06-29T17:16:11","slug":"dia-2-kid-koala-y-una-pelicula-en-vivo","status":"publish","type":"post","link":"https:\/\/www.imer.mx\/horizonte\/dia-2-kid-koala-y-una-pelicula-en-vivo\/","title":{"rendered":"D\u00eda 2: Kid Koala y una pel\u00edcula en vivo."},"content":{"rendered":"<div class=\"wpb-content-wrapper\"><p>[vc_row][vc_column][vc_custom_heading text=&#8221;D\u00eda 2: Kid Koala y una pel\u00edcula en vivo.&#8221; google_fonts=&#8221;font_family:Montserrat%3Aregular%2C700|font_style:400%20regular%3A400%3Anormal&#8221;][vc_empty_space height=&#8221;20px&#8221;][vc_column_text]<\/p>\n<p style=\"text-align: right\">29 de junio de 2024<\/p>\n<p>Por Omar Morales<\/p>\n<p><strong>Kid Koala<\/strong> es un productor musical y artista visual de origen Coreano nacido en Canad\u00e1 en 1974. Inici\u00f3 su carrera como dj a los 20 a\u00f1os y con el tiempo <strong>se ha convertido en uno de los artistas multidisciplinarios m\u00e1s interesantes de Norteam\u00e9rica<\/strong>. En la edici\u00f3n 44 del Festival Internacional de Jazz de Montreal dar\u00e1 5 funciones de su show m\u00e1s reciente <strong>\u201cThe Storyville Mosquito\u201d<\/strong> y puedo afirmar sin empacho que es el espect\u00e1culo audiovisual m\u00e1s complejo e interesante que he visto en los \u00faltimos a\u00f1os. Al momento de presentarlo Kid Koala dice: \u201cvamos a hacer una pel\u00edcula en vivo porque es como Miles lo har\u00eda\u2026\u201d. Y s\u00ed, Kid Koala y 13 personas m\u00e1s <strong>rinden homenaje a Miles Davis y hacen una pel\u00edcula en tiempo real frente a los espectadores<\/strong>.[\/vc_column_text][vc_single_image image=&#8221;18987&#8243; img_size=&#8221;large&#8221; alignment=&#8221;center&#8221;][\/vc_column][\/vc_row][vc_row][vc_column][vc_column_text]<\/p>\n<p style=\"font-weight: 400\">La cosa va m\u00e1s o menos as\u00ed: <strong>el show se presenta en una sala de cine, la pantalla al centro y justo frente a ella los m\u00fasicos, Kid Koala rodeado de teclados y tornamesas<\/strong>, a su lado un tr\u00edo de cuerdas y el resto del espacio est\u00e1 ocupado por 20 maquetas, 8 c\u00e1maras y 10 personas encargadas de dar vida a los personajes, mover las luces y componer los encuadres, detr\u00e1s de ellos un ingeniero de sonido y un editor de video que va escogiendo la imagen que se ver\u00e1 en pantalla. Una labor artesanal tit\u00e1nica, dif\u00edcil de imaginar las horas de ensayo y preparaci\u00f3n que llev\u00f3 montar un espect\u00e1culo de esta dificultad. <strong>La historia es conmovedora, un mosquito provinciano que sue\u00f1a tocar en una banda de jazz de la gran ciudad, y que en el camino de buscar su sue\u00f1o se enamora de una mosquita urbana<\/strong>. La manufactura es artesanalmente perfecta y la sonorizaci\u00f3n llena de matices. La primera pel\u00edcula hecha en vivo que he visto y sin duda la mejor.<\/p>\n<p>[\/vc_column_text][\/vc_column][\/vc_row]<\/p>\n<\/div>","protected":false},"excerpt":{"rendered":"<p>La historia es conmovedora, un mosquito provinciano que sue\u00f1a tocar en una banda de jazz de la gran ciudad, y que en el camino de buscar su sue\u00f1o se enamora de una mosquita urbana. La manufactura es artesanalmente perfecta y la sonorizaci\u00f3n llena de matices.<\/p>\n","protected":false},"author":215,"featured_media":18986,"comment_status":"open","ping_status":"open","sticky":false,"template":"","format":"standard","meta":{"wp_popup_display_lightbox":0,"wp_popup_suppress":"","wp_popup_trigger":"","wp_popup_trigger_amount":0,"wp_popup_disable_on_mobile":false,"footnotes":""},"categories":[29,25,102,146,103,4,5],"tags":[99,56,101,82],"class_list":["post-18985","post","type-post","status-publish","format-standard","has-post-thumbnail","hentry","category-conciertos","category-destacados","category-festival-de-jazz-de-montreal","category-montreal-2024","category-festival-internacional-de-jazz-de-montreal","category-horizonte","category-noticias","tag-festival-internacional-de-jazz-de-montreal","tag-horizonte","tag-horizonte-en-montreal","tag-noticias","category-29","category-25","category-102","category-146","category-103","category-4","category-5","description-off"],"_links":{"self":[{"href":"https:\/\/www.imer.mx\/horizonte\/wp-json\/wp\/v2\/posts\/18985","targetHints":{"allow":["GET"]}}],"collection":[{"href":"https:\/\/www.imer.mx\/horizonte\/wp-json\/wp\/v2\/posts"}],"about":[{"href":"https:\/\/www.imer.mx\/horizonte\/wp-json\/wp\/v2\/types\/post"}],"author":[{"embeddable":true,"href":"https:\/\/www.imer.mx\/horizonte\/wp-json\/wp\/v2\/users\/215"}],"replies":[{"embeddable":true,"href":"https:\/\/www.imer.mx\/horizonte\/wp-json\/wp\/v2\/comments?post=18985"}],"version-history":[{"count":0,"href":"https:\/\/www.imer.mx\/horizonte\/wp-json\/wp\/v2\/posts\/18985\/revisions"}],"wp:featuredmedia":[{"embeddable":true,"href":"https:\/\/www.imer.mx\/horizonte\/wp-json\/wp\/v2\/media\/18986"}],"wp:attachment":[{"href":"https:\/\/www.imer.mx\/horizonte\/wp-json\/wp\/v2\/media?parent=18985"}],"wp:term":[{"taxonomy":"category","embeddable":true,"href":"https:\/\/www.imer.mx\/horizonte\/wp-json\/wp\/v2\/categories?post=18985"},{"taxonomy":"post_tag","embeddable":true,"href":"https:\/\/www.imer.mx\/horizonte\/wp-json\/wp\/v2\/tags?post=18985"}],"curies":[{"name":"wp","href":"https:\/\/api.w.org\/{rel}","templated":true}]}}