{"id":18713,"date":"2024-04-02T23:13:15","date_gmt":"2024-04-03T05:13:15","guid":{"rendered":"https:\/\/www.imer.mx\/horizonte\/?p=18713"},"modified":"2024-04-02T23:13:55","modified_gmt":"2024-04-03T05:13:55","slug":"ingrid-beaujean-jueves-de-rios","status":"publish","type":"post","link":"https:\/\/www.imer.mx\/horizonte\/ingrid-beaujean-jueves-de-rios\/","title":{"rendered":"Ingrid Beaujean le cantar\u00e1 al agua y a los r\u00edos desde el Teatro de la Ciudad"},"content":{"rendered":"<div class=\"wpb-content-wrapper\"><p>[vc_row][vc_column][vc_custom_heading text=&#8221;Ingrid Beaujean le cantar\u00e1 al agua y a los r\u00edos desde el Teatro de la Ciudad&#8221; font_container=&#8221;tag:h2|text_align:center&#8221; google_fonts=&#8221;font_family:Montserrat%3Aregular%2C700|font_style:400%20regular%3A400%3Anormal&#8221;][vc_empty_space height=&#8221;20px&#8221;][vc_column_text]<\/p>\n<p style=\"text-align: right\">Marzo 2024<\/p>\n<p style=\"font-weight: 400\">Por Laura Rodr\u00edguez<\/p>\n<p>[\/vc_column_text][vc_column_text]<\/p>\n<p style=\"font-weight: 400\">La cantante de jazz, compositora y locutora mexicana Ingrid Beaujean celebra 20 a\u00f1os de carrera art\u00edstica con la presentaci\u00f3n del material discogr\u00e1fico <strong>Jueves de r\u00edos<\/strong> en un concierto en el Teatro de la Ciudad Esperanza Iris, que tendr\u00e1 lugar el 18 de abril a las 20:00 horas.<\/p>\n<p style=\"font-weight: 400\">El d\u00eda de hoy, 2 de abril, se llev\u00f3 a cabo una conferencia de prensa, en la que tuvimos el placer de escuchar la voz de Ingrid Beaujean con los temas <em>Barco de Papel<\/em> y <em>Todas las Noches,<\/em> y platicar acerca del camino que la llevar\u00e1 a presentarse en Teatro de la Ciudad Esperanza Iris con su nuevo \u00e1lbum, asimismo adelant\u00f3 un poco sobre lo que acontecer\u00e1 en su pr\u00f3xima presentaci\u00f3n.<\/p>\n<p style=\"font-weight: 400\"><strong>Jueves de r\u00edos<\/strong> es su tercer \u00e1lbum como solista. Fue producido por Juan Jos\u00e9 L\u00f3pez y Ricardo Salvador, y lanzado en noviembre del a\u00f1o pasado. Tanto las composiciones, como las letras de las canciones, son autor\u00eda de Beaujean. Esta nost\u00e1lgica y melanc\u00f3lica recopilaci\u00f3n de nueve temas est\u00e1 dedicada al agua, a la vida y a la prosperidad. La met\u00e1fora que sostiene esta obra es:<\/p>\n<p>[\/vc_column_text][vc_single_image image=&#8221;18714&#8243; img_size=&#8221;full&#8221; alignment=&#8221;center&#8221;][vc_custom_heading text=&#8221;\u201cMe siento fatal, necesito agua, necesito que venga y se lleve todo eso que siento\u2026 que se lo lleve al mar, y que en el mar surja como otra cosa\u201d, dijo la cantante.&#8221;][vc_column_text]<\/p>\n<p style=\"font-weight: 400\">El concierto, el cu\u00e1l es el primero en presentar su nuevo disco, no solo ofrecer\u00e1 una experiencia sonora de calidad, sino tambi\u00e9n una experiencia visual, ya que habr\u00e1 elementos esc\u00e9nicos que arropar\u00e1n la m\u00fasica. Se promete que los espectadores podr\u00e1n disfrutar de un momento casi l\u00edrico. Adem\u00e1s de sus nuevas composiciones, tambi\u00e9n interpretar\u00e1 algunos temas de sus discos pasados (Cuento y D\u00edas lentos).<\/p>\n<p style=\"font-weight: 400\">Beaujean es egresada de la Escuela Superior de M\u00fasica del Instituto Nacional de Bellas Artes y Literatura (INBAL), fue miembro de la Big Band Jazz de M\u00e9xico, y form\u00f3 Beaujean Proyect con su hermana Jenny, una colaboraci\u00f3n que termin\u00f3 para encaminarse a una b\u00fasqueda de identidades musicales propias, concretando su camino musical con esta presentaci\u00f3n en el Teatro de la Ciudad Esperanza Iris.<\/p>\n<p style=\"font-weight: 400\">Para m\u00e1s informaci\u00f3n puedes consultar la p\u00e1gina\u00a0\u00a0 <a href=\"http:\/\/teatros.cultura.cdmx.gob.mx\/\">http:\/\/teatros.cultura.cdmx.gob.mx\/<\/a><\/p>\n<p>[\/vc_column_text][vc_single_image image=&#8221;18715&#8243; img_size=&#8221;full&#8221; alignment=&#8221;center&#8221;][vc_column_text]<\/p>\n<p style=\"font-weight: 400\">Fotograf\u00edas: Laura Rodr\u00edguez<\/p>\n<p>[\/vc_column_text][\/vc_column][\/vc_row][vc_row][vc_column][\/vc_column][\/vc_row]<\/p>\n<\/div>","protected":false},"excerpt":{"rendered":"<p>El concierto, el cu\u00e1l es el primero en presentar su nuevo disco, no solo ofrecer\u00e1 una experiencia sonora de calidad, sino tambi\u00e9n una experiencia visual, ya que habr\u00e1 elementos esc\u00e9nicos que arropar\u00e1n la m\u00fasica. <\/p>\n","protected":false},"author":141,"featured_media":18716,"comment_status":"open","ping_status":"open","sticky":false,"template":"","format":"standard","meta":{"wp_popup_display_lightbox":0,"wp_popup_suppress":"","wp_popup_trigger":"","wp_popup_trigger_amount":0,"wp_popup_disable_on_mobile":false,"footnotes":""},"categories":[29,25,5],"tags":[56,140,82],"class_list":["post-18713","post","type-post","status-publish","format-standard","has-post-thumbnail","hentry","category-conciertos","category-destacados","category-noticias","tag-horizonte","tag-ingrid-beaujean","tag-noticias","category-29","category-25","category-5","description-off"],"_links":{"self":[{"href":"https:\/\/www.imer.mx\/horizonte\/wp-json\/wp\/v2\/posts\/18713","targetHints":{"allow":["GET"]}}],"collection":[{"href":"https:\/\/www.imer.mx\/horizonte\/wp-json\/wp\/v2\/posts"}],"about":[{"href":"https:\/\/www.imer.mx\/horizonte\/wp-json\/wp\/v2\/types\/post"}],"author":[{"embeddable":true,"href":"https:\/\/www.imer.mx\/horizonte\/wp-json\/wp\/v2\/users\/141"}],"replies":[{"embeddable":true,"href":"https:\/\/www.imer.mx\/horizonte\/wp-json\/wp\/v2\/comments?post=18713"}],"version-history":[{"count":0,"href":"https:\/\/www.imer.mx\/horizonte\/wp-json\/wp\/v2\/posts\/18713\/revisions"}],"wp:featuredmedia":[{"embeddable":true,"href":"https:\/\/www.imer.mx\/horizonte\/wp-json\/wp\/v2\/media\/18716"}],"wp:attachment":[{"href":"https:\/\/www.imer.mx\/horizonte\/wp-json\/wp\/v2\/media?parent=18713"}],"wp:term":[{"taxonomy":"category","embeddable":true,"href":"https:\/\/www.imer.mx\/horizonte\/wp-json\/wp\/v2\/categories?post=18713"},{"taxonomy":"post_tag","embeddable":true,"href":"https:\/\/www.imer.mx\/horizonte\/wp-json\/wp\/v2\/tags?post=18713"}],"curies":[{"name":"wp","href":"https:\/\/api.w.org\/{rel}","templated":true}]}}