{"id":18519,"date":"2023-11-20T12:52:32","date_gmt":"2023-11-20T18:52:32","guid":{"rendered":"https:\/\/www.imer.mx\/horizonte\/?p=18519"},"modified":"2023-11-22T13:00:19","modified_gmt":"2023-11-22T19:00:19","slug":"jazz-europeo-que-cautiva-a-la-audiencia-mexicana","status":"publish","type":"post","link":"https:\/\/www.imer.mx\/horizonte\/jazz-europeo-que-cautiva-a-la-audiencia-mexicana\/","title":{"rendered":"Jazz europeo que cautiva a la audiencia mexicana"},"content":{"rendered":"<div class=\"wpb-content-wrapper\"><p>[vc_row][vc_column][vc_custom_heading text=&#8221;Jazz europeo que cautiva a la audiencia mexicana&#8221; font_container=&#8221;tag:h2|text_align:center&#8221; google_fonts=&#8221;font_family:Montserrat%3Aregular%2C700|font_style:400%20regular%3A400%3Anormal&#8221;][vc_empty_space height=&#8221;20px&#8221;][vc_column_text]<\/p>\n<p style=\"text-align: right\">Noviembre 2023<\/p>\n<p style=\"font-weight: 400\">Por F\u00e1tima Mel\u00e9ndez<\/p>\n<p>[\/vc_column_text][vc_custom_heading text=&#8221;Poemas que viajan del piano al coraz\u00f3n\u2026&#8221;][vc_column_text]<\/p>\n<p style=\"font-weight: 400\">El pasado domingo 12 de noviembre se dio inicio a la <strong>Edici\u00f3n 26 del Festival Eurojazz<\/strong>, desde los jardines del <strong>Centro Nacional de las Artes<\/strong> (CENART) en la Ciudad de M\u00e9xico. Como cada a\u00f1o los amantes del g\u00e9nero se reunieron alegremente a escuchar y conocer las propuestas musicales del continente europeo.<\/p>\n<p style=\"font-weight: 400\">La jornada comenz\u00f3 con la presentaci\u00f3n de la <strong>cantante, compositora y pianista espa\u00f1ola, Sheila Blanco<\/strong>, quien cautiv\u00f3 a las personas interpretando poemas de las mujeres\u00a0 de la <strong>Generaci\u00f3n del 27<\/strong> . Durante su concierto, que super\u00f3 la hora, la int\u00e9rprete rindi\u00f3 homenaje a sus compatriotas <strong>Margarita Ferreras,<\/strong><strong>Ernestina de Champourc\u00edn<\/strong>, entre otras, y reiter\u00f3 su agradecimiento a ellas por su lucha para ganar presencia y participaci\u00f3n de todas las mujeres en las artes. Sheila contaba con emoci\u00f3n y orgullo an\u00e9cdotas de cada poeta para ilustrar la importancia de su contribuci\u00f3n a los derechos de las mujeres en Espa\u00f1a y en todo el mundo, recordaba que gracias a la valent\u00eda de estas artistas ella pod\u00eda presentarse actualmente en escenarios como lo hizo en esta edici\u00f3n del <strong>Eurojazz 2023<\/strong>. Mencion\u00f3 que \u201c<strong>la libertad es no tener miedo<\/strong>\u201d y que las artes le permiten comprender sus miedos y entenderlos a trav\u00e9s de la m\u00fasica. El p\u00fablico estaba maravillado por las historias que nos comparti\u00f3.<\/p>\n<p style=\"font-weight: 400\">\u201cSon un p\u00fablico maravilloso\u201d dec\u00eda Sheila Blanco, conmovida por la escucha activa del p\u00fablico, haciendo menci\u00f3n de la manera en la cual los presentes cantaban con ella, aplaud\u00edan y escuchaban detenidamente las historias que compart\u00eda con las m\u00e1s de mil personas reunidas para celebrar al jazz. La interacci\u00f3n con la audiencia sorprendi\u00f3 a la cantante y en varias ocasiones dijo que la audiencia en M\u00e9xico es muy particular por el respeto que les brindan a todos los artistas, a pesar de no conocer sus proyectos musicales, es evidente para los artistas que el p\u00fablico est\u00e1 dispuesto a conocer distintas propuestas art\u00edsticas.<\/p>\n<p>[\/vc_column_text][vc_single_image image=&#8221;18522&#8243; img_size=&#8221;full&#8221; alignment=&#8221;center&#8221;][vc_column_text]<\/p>\n<p style=\"font-weight: 400\">La \u00faltima canci\u00f3n que interpret\u00f3 fue <strong><em>Negra Sombra<\/em><\/strong> de la poeta <strong>Rosal\u00eda de Castro<\/strong>, quien escribi\u00f3 esta obra en gallego, Sheila mencion\u00f3 que este poema fue \u201camor a primera lectura\u201d y esperaba que la m\u00fasica le permitiera al p\u00fablico disfrutar este tema al poder trascender barreras idiom\u00e1ticas. El p\u00fablico explot\u00f3 una vez m\u00e1s luego de que la cantante se despidiera, las y los presentes exclamaron \u201cotra, otra, otra\u2026\u201d y Sheila regres\u00f3 a petici\u00f3n del p\u00fablico.<\/p>\n<p><span style=\"font-weight: 400\">Como cierre de esta presentaci\u00f3n Sheila Blanco interpret\u00f3 una canci\u00f3n de su autor\u00eda <strong><em>P\u00e1jaros Negros<\/em><\/strong>, la cual representa para ella sus temores, prejuicios e inseguridades, sin duda un tema muy personal que decidi\u00f3 compartir con el p\u00fablico mexicano. Reiter\u00f3 una vez m\u00e1s su agradecimiento a la audiencia \u201cno continuo porque se me salen las l\u00e1grimas\u201d dec\u00eda conmovida por el cari\u00f1o que los mexicanos le brindaron durante toda su presentaci\u00f3n. Al concluir mencion\u00f3 que estar\u00eda firmando art\u00edculos y tom\u00e1ndose fotos con las personas que quisieran conocerla, as\u00ed lo hizo por m\u00e1s de 40 minutos, una manera m\u00e1s de agradecer a la audiencia por su escucha y cari\u00f1o durante este primer concierto del Eurojazz 2023.<\/span>[\/vc_column_text][vc_custom_heading text=&#8221;Notas que hacen vibrar a los mexicanos&#8221;][vc_column_text]<\/p>\n<p style=\"font-weight: 400\">La segunda presentaci\u00f3n de esta primera jornada del Festival Eurojazz 2023 estuvo a cargo del <strong>Francesco Cafiso Quartet<\/strong>, integrado por Esteban Castro en el piano, el baterista Adam Arruda, Giuseppe Cucchiara en el contrabajo y el saxofonista Francesco Cafiso. El p\u00fablico se reuni\u00f3 desde las 4 de la tarde formando una enorme fila en los jardines del CENART, mencionaban que estaban emocionados por escuchar al cuarteto y quer\u00edan encontrar el mejor lugar para disfrutar al m\u00e1ximo de este concierto gratuito.<\/p>\n<p style=\"font-weight: 400\">Desde la primera nota del saxof\u00f3n fue evidente, el p\u00fablico estaba encantando con el cuarteto, los aplausos y gritos no se hicieron esperar. El cuarteto interpret\u00f3 sus primeros dos temas antes de presentarse con la audiencia, se sent\u00eda la conexi\u00f3n entre los integrantes y la audiencia, durante los solos de piano, bater\u00eda, saxof\u00f3n y contrabajo las y los presentes aplaud\u00edan, apoyaban y gritaban al ritmo de los artistas.<\/p>\n<p style=\"font-weight: 400\">\u201cEs un placer estar aqu\u00ed\u201d dijo el saxofonista Francesco Cafiso sonriendo ante la respuesta del p\u00fablico mexicano, la energ\u00eda era palpable en el escenario, agradeci\u00f3 al director del <strong>Instituto Italiano de Cultura<\/strong> por haberlo invitado por segunda vez a presentarse en el territorio nacional. Entre risas dijo \u201ces mi segunda vez tocando en M\u00e9xico, sin duda la audiencia es a\u00fan mejor en esta ocasi\u00f3n\u201d a lo que el p\u00fablico aplaudi\u00f3 a\u00fan con m\u00e1s energ\u00eda. Francesco comento que las primeras dos canciones eran composiciones de m\u00fasicos italianos y gente de la audiencia grit\u00f3 emocionada al identificar a estos compositores. \u201cSigamos con m\u00e1s m\u00fasica\u201d dijo y continu\u00f3 la fiesta en los jardines del CENART.<\/p>\n<p>[\/vc_column_text][vc_single_image image=&#8221;18523&#8243; img_size=&#8221;full&#8221; alignment=&#8221;center&#8221;][vc_column_text]<\/p>\n<p style=\"font-weight: 400\">Las personas que se ubicaban en la parte trasera de los jardines aprovecharon la m\u00fasica para levantarse y <strong>bailar, <\/strong>otros se mantuvieron sentados con sus acompa\u00f1antes, pero moviendo la cabeza siguiendo las piezas de la agrupaci\u00f3n.<\/p>\n<p style=\"font-weight: 400\">Interpretaron temas cl\u00e1sicos de grandes del jazz como Charlie Parker y Thelonious Monk, \u201c<strong>tocar temas de Monk siempre es una buena decisi\u00f3n<\/strong>\u201d dijo Francesco Cafiso. Despu\u00e9s continuaron con composiciones originales de la agrupaci\u00f3n, inspirados por sus carreras profesionales y a\u00f1os en los escenarios.<\/p>\n<p style=\"font-weight: 400\">Finalmente, el cuarteto se despidi\u00f3 con una composici\u00f3n original, <strong><em>See You Next Time<\/em><\/strong>, con la que prometieron volver a M\u00e9xico. La tarde concluy\u00f3 con aplausos para los m\u00fasicos, pero la emoci\u00f3n lamentablemente se disipo r\u00e1pidamente pues la lluvia se hizo presente y la audiencia corri\u00f3 para resguardarse del clima.<\/p>\n<p>[\/vc_column_text][vc_single_image image=&#8221;18524&#8243; img_size=&#8221;full&#8221; alignment=&#8221;center&#8221;][vc_column_text]<\/p>\n<p style=\"font-weight: 400\">La <strong>segunda semana del Festival Eurojazz<\/strong> continua en el CENART con las presentaciones de <strong>Shamrock, Louise Phelan y Alex Mercado<\/strong> (Irlanda), <strong>Euro Jazz Masters<\/strong> (Polonia) el <strong>s\u00e1bado 18 de noviembre<\/strong> y el <strong>domingo 19 de noviembre<\/strong> las presentaciones de <strong>Dantor<\/strong> (M\u00e9xico) y <strong>Lash &amp; Grey<\/strong> (Eslovaquia). No se pierdan la actividad de la edici\u00f3n 26 del Eurojazz desde Horizonte.<\/p>\n<p>[\/vc_column_text][\/vc_column][\/vc_row][vc_row][vc_column][\/vc_column][\/vc_row]<\/p>\n<\/div>","protected":false},"excerpt":{"rendered":"<p>El pasado domingo 12 de noviembre se dio inicio a la Edici\u00f3n 26 del Festival Eurojazz, desde los jardines del Centro Nacional de las Artes (CENART) en la Ciudad de M\u00e9xico. Como cada a\u00f1o los amantes del g\u00e9nero se reunieron alegremente a escuchar y conocer las propuestas musicales del continente europeo.<\/p>\n","protected":false},"author":215,"featured_media":18521,"comment_status":"open","ping_status":"open","sticky":false,"template":"","format":"standard","meta":{"wp_popup_display_lightbox":0,"wp_popup_suppress":"","wp_popup_trigger":"","wp_popup_trigger_amount":0,"wp_popup_disable_on_mobile":false,"footnotes":""},"categories":[29,25,131,5],"tags":[134,132,133,56,82],"class_list":["post-18519","post","type-post","status-publish","format-standard","has-post-thumbnail","hentry","category-conciertos","category-destacados","category-eurojazz2023","category-noticias","tag-cenart","tag-eurojazz","tag-eurojazz2023","tag-horizonte","tag-noticias","category-29","category-25","category-131","category-5","description-off"],"_links":{"self":[{"href":"https:\/\/www.imer.mx\/horizonte\/wp-json\/wp\/v2\/posts\/18519","targetHints":{"allow":["GET"]}}],"collection":[{"href":"https:\/\/www.imer.mx\/horizonte\/wp-json\/wp\/v2\/posts"}],"about":[{"href":"https:\/\/www.imer.mx\/horizonte\/wp-json\/wp\/v2\/types\/post"}],"author":[{"embeddable":true,"href":"https:\/\/www.imer.mx\/horizonte\/wp-json\/wp\/v2\/users\/215"}],"replies":[{"embeddable":true,"href":"https:\/\/www.imer.mx\/horizonte\/wp-json\/wp\/v2\/comments?post=18519"}],"version-history":[{"count":0,"href":"https:\/\/www.imer.mx\/horizonte\/wp-json\/wp\/v2\/posts\/18519\/revisions"}],"wp:featuredmedia":[{"embeddable":true,"href":"https:\/\/www.imer.mx\/horizonte\/wp-json\/wp\/v2\/media\/18521"}],"wp:attachment":[{"href":"https:\/\/www.imer.mx\/horizonte\/wp-json\/wp\/v2\/media?parent=18519"}],"wp:term":[{"taxonomy":"category","embeddable":true,"href":"https:\/\/www.imer.mx\/horizonte\/wp-json\/wp\/v2\/categories?post=18519"},{"taxonomy":"post_tag","embeddable":true,"href":"https:\/\/www.imer.mx\/horizonte\/wp-json\/wp\/v2\/tags?post=18519"}],"curies":[{"name":"wp","href":"https:\/\/api.w.org\/{rel}","templated":true}]}}