{"id":16725,"date":"2022-02-16T19:53:30","date_gmt":"2022-02-17T01:53:30","guid":{"rendered":"https:\/\/www.imer.mx\/horizonte\/?p=16725"},"modified":"2025-10-31T17:06:43","modified_gmt":"2025-10-31T23:06:43","slug":"en-corto-sesiones-de-charla-y-musica","status":"publish","type":"post","link":"https:\/\/www.imer.mx\/horizonte\/en-corto-sesiones-de-charla-y-musica\/","title":{"rendered":"En Corto&#8230; sesiones de Charla y M\u00fasica"},"content":{"rendered":"<p style=\"text-align: right\">Febrero 2022<\/p>\n<p>Con motivo del 22 aniversario de Horizonte revive las sesiones \u201cEn Corto\u201d de Charla y M\u00fasica. En este espacio disfrutaremos de conciertos y conversaciones con referentes de la m\u00fasica.<\/p>\n<p>\u00a0<\/p>\n<p style=\"text-align: right\"><strong>Primera Edici\u00f3n<\/strong><\/p>\n\n\n<figure class=\"wp-block-embed is-type-video is-provider-youtube wp-block-embed-youtube wp-embed-aspect-16-9 wp-has-aspect-ratio\"><div class=\"wp-block-embed__wrapper\">\n<iframe loading=\"lazy\" title=\"Sesiones &quot;En Corto&quot; de Charla y M\u00fasica - Jorge Glem\" width=\"1200\" height=\"675\" src=\"https:\/\/www.youtube.com\/embed\/eKxC5f5607Q?start=1&#038;feature=oembed\" frameborder=\"0\" allow=\"accelerometer; autoplay; clipboard-write; encrypted-media; gyroscope; picture-in-picture\" allowfullscreen><\/iframe>\n<\/div><\/figure>\n\n\n\n<p>En esta edici\u00f3n disfruta de la sesi\u00f3n con el cuatrista venezolano, Jorge Glem, integrante de la agrupaci\u00f3n C4 Tr\u00edo. Desde el estudio B del IMER. Conduce: Mariana P\u00e9rez Viveros<\/p>\n\n\n\n<p class=\"has-text-align-right\"><strong>Segunda Edici\u00f3n<\/strong><\/p>\n\n\n\n<figure class=\"wp-block-embed is-type-video is-provider-youtube wp-block-embed-youtube wp-embed-aspect-16-9 wp-has-aspect-ratio\"><div class=\"wp-block-embed__wrapper\">\n<iframe loading=\"lazy\" title=\"Sesiones &quot;En Corto&quot; de Charla y M\u00fasica - Felipe Gordillo\" width=\"1200\" height=\"675\" src=\"https:\/\/www.youtube.com\/embed\/t55wgdtYzM0?start=3&#038;feature=oembed\" frameborder=\"0\" allow=\"accelerometer; autoplay; clipboard-write; encrypted-media; gyroscope; picture-in-picture\" allowfullscreen><\/iframe>\n<\/div><\/figure>\n\n\n\n<p>En esta segunda edici\u00f3n disfruta la sesi\u00f3n con el pianista y compositor mexicano, Felipe Gordillo. Conduce: Jos\u00e9 Enrique Fern\u00e1ndez<\/p>\n","protected":false},"excerpt":{"rendered":"<p>Revive las sesiones En Corto de Charla y M\u00fasica.<\/p>\n","protected":false},"author":141,"featured_media":16733,"comment_status":"open","ping_status":"open","sticky":false,"template":"","format":"standard","meta":{"wp_popup_display_lightbox":0,"wp_popup_suppress":"","wp_popup_trigger":"","wp_popup_trigger_amount":0,"wp_popup_disable_on_mobile":false,"footnotes":""},"categories":[29,25,4,5],"tags":[46,76,75,56,74],"class_list":["post-16725","post","type-post","status-publish","format-standard","has-post-thumbnail","hentry","category-conciertos","category-destacados","category-horizonte","category-noticias","tag-aniversario","tag-concierto","tag-en-corto","tag-horizonte","tag-sesiones-en-corto","category-29","category-25","category-4","category-5","description-off"],"_links":{"self":[{"href":"https:\/\/www.imer.mx\/horizonte\/wp-json\/wp\/v2\/posts\/16725","targetHints":{"allow":["GET"]}}],"collection":[{"href":"https:\/\/www.imer.mx\/horizonte\/wp-json\/wp\/v2\/posts"}],"about":[{"href":"https:\/\/www.imer.mx\/horizonte\/wp-json\/wp\/v2\/types\/post"}],"author":[{"embeddable":true,"href":"https:\/\/www.imer.mx\/horizonte\/wp-json\/wp\/v2\/users\/141"}],"replies":[{"embeddable":true,"href":"https:\/\/www.imer.mx\/horizonte\/wp-json\/wp\/v2\/comments?post=16725"}],"version-history":[{"count":0,"href":"https:\/\/www.imer.mx\/horizonte\/wp-json\/wp\/v2\/posts\/16725\/revisions"}],"wp:featuredmedia":[{"embeddable":true,"href":"https:\/\/www.imer.mx\/horizonte\/wp-json\/wp\/v2\/media\/16733"}],"wp:attachment":[{"href":"https:\/\/www.imer.mx\/horizonte\/wp-json\/wp\/v2\/media?parent=16725"}],"wp:term":[{"taxonomy":"category","embeddable":true,"href":"https:\/\/www.imer.mx\/horizonte\/wp-json\/wp\/v2\/categories?post=16725"},{"taxonomy":"post_tag","embeddable":true,"href":"https:\/\/www.imer.mx\/horizonte\/wp-json\/wp\/v2\/tags?post=16725"}],"curies":[{"name":"wp","href":"https:\/\/api.w.org\/{rel}","templated":true}]}}