{"id":15213,"date":"2020-11-11T18:43:28","date_gmt":"2020-11-12T00:43:28","guid":{"rendered":"https:\/\/www.imer.mx\/horizonte\/?p=15213"},"modified":"2020-11-11T20:09:56","modified_gmt":"2020-11-12T02:09:56","slug":"bahia-de-ascenso","status":"publish","type":"post","link":"https:\/\/www.imer.mx\/horizonte\/bahia-de-ascenso\/","title":{"rendered":"Bah\u00eda de Ascenso"},"content":{"rendered":"<div class=\"wpb-content-wrapper\"><p>[vc_section full_width=&#8221;stretch_row_content&#8221; css=&#8221;.vc_custom_1565797401719{margin-top: -50px !important;border-top-width: -50px !important;padding-top: -50px !important;background-color: #ffffff !important;}&#8221;][vc_row type=&#8221;vc_default&#8221; css=&#8221;.vc_custom_1565797415851{background-color: #ffffff !important;}&#8221;][vc_column width=&#8221;1\/2&#8243;][vc_single_image image=&#8221;15214&#8243; img_size=&#8221;full&#8221;][\/vc_column][vc_column width=&#8221;1\/2&#8243;][vc_custom_heading text=&#8221;Bah\u00eda de Ascenso&#8221; font_container=&#8221;tag:h2|font_size:35|text_align:left|color:%23000000&#8243;][vc_empty_space height=&#8221;15px&#8221; css=&#8221;.vc_custom_1565797599486{background-color: #ffffff !important;}&#8221;][vc_column_text]<\/p>\r\n<h6>Por Ricardo \u00c1lvarez<\/h6>\r\n<p>Bah\u00eda de ascenso es igual a un laboratorio sonoro. Cuentan con los utensilios y aparatos adecuados para experimentar e introducir a quienes escuchan en un viaje auditivo. La sala de experimentaci\u00f3n, que para este \u00e1lbum fue El Desierto, estuvo dirigida por el m\u00fasico, compositor, arreglista y pianista Roberto Ver\u00e1stegui en compa\u00f1\u00eda de Diego Franco en las maderas, Jacob Smith en el bajo el\u00e9ctrico, Aar\u00f3n Flores en la guitarra el\u00e9ctrica y efectos,<br \/>Jos\u00e9 Andr\u00e9s M\u00e1rquez en la bater\u00eda y la parte vocal de Silvana Estrada.<\/p>\r\n<p>Las piezas musicales de este \u00e1lbum hom\u00f3nimo representan sonoramente la dualidad del mundo contempor\u00e1neo, tal como lo observa Roberto Ver\u00e1stegui, compositor de estas piezas musicales, que hacen juego con la libertad de improvisaci\u00f3n que cada m\u00fasico aporta en los temas. Magia, meditaci\u00f3n, aceleraci\u00f3n y movimiento fren\u00e9tico es como yo puedo describir la m\u00fasica de Bah\u00eda de ascenso. Una exploraci\u00f3n por el lenguaje universal y las<br \/>amplias posibilidades que s\u00f3lo tiene el jazz.<\/p>\r\n<p>Esta entrevista fue grabada el martes 20 de octubre de 2020 v\u00eda zoom con Roberto Ver\u00e1stegui, la charla gira por los inicios de la m\u00fasica, el jazz, la formaci\u00f3n y creaci\u00f3n de Bah\u00eda de ascenso.<\/p>\r\n<p>&nbsp;<\/p>\r\n<p>Escucha el \u00e1lbum de Bah\u00eda de ascenso de forma completa en todas las plataformas digitales.<\/p>\r\n<p>Para obtenerlo en formato f\u00edsico acude a este link: <a href=\"https:\/\/distro.com.mx\/collections\/bahia-de-ascenso?fbclid=IwAR3x6EPAcdnuzcqz6PRoOs4Ms9zwsEfd1ImNF6TT8BS1iLAq79Oqm938pnM\">https:\/\/bit.ly\/3kZiG1k<\/a><\/p>\r\n<p>[\/vc_column_text][vc_column_text]<\/p>\r\n\r\n<figure class=\"wp-block-audio\"><audio src=\"https:\/\/www.imer.mx\/horizonte\/wp-content\/uploads\/sites\/15\/ENTREVISTA-ROBERTO-VERA\u0301STEGUI-BAHI\u0301A-DE-ASCENSO.mp3\" controls=\"controls\"><\/audio><\/figure>\r\n<p>[\/vc_column_text][\/vc_column][\/vc_row][\/vc_section][vc_row][vc_column][vc_empty_space height=&#8221;20px&#8221;][\/vc_column][\/vc_row][vc_row type=&#8221;vc_default&#8221; full_width=&#8221;stretch_row&#8221; parallax=&#8221;content-moving-fade&#8221; parallax_image=&#8221;13658&#8243; parallax_speed_bg=&#8221;2.5&#8243;][vc_column][vc_empty_space height=&#8221;300px&#8221;][\/vc_column][\/vc_row]<\/p><\/div>","protected":false},"excerpt":{"rendered":"<p>Bah\u00eda de ascenso es igual a un laboratorio sonoro. Cuentan con los utensilios y aparatos adecuados para experimentar e introducir a quienes escuchan en un viaje auditivo.<\/p>\n","protected":false},"author":1,"featured_media":15214,"comment_status":"open","ping_status":"open","sticky":false,"template":"","format":"standard","meta":{"wp_popup_display_lightbox":0,"wp_popup_suppress":"","wp_popup_trigger":"","wp_popup_trigger_amount":0,"wp_popup_disable_on_mobile":false,"footnotes":""},"categories":[25,4,5],"tags":[],"class_list":["post-15213","post","type-post","status-publish","format-standard","has-post-thumbnail","hentry","category-destacados","category-horizonte","category-noticias","category-25","category-4","category-5","description-off"],"_links":{"self":[{"href":"https:\/\/www.imer.mx\/horizonte\/wp-json\/wp\/v2\/posts\/15213","targetHints":{"allow":["GET"]}}],"collection":[{"href":"https:\/\/www.imer.mx\/horizonte\/wp-json\/wp\/v2\/posts"}],"about":[{"href":"https:\/\/www.imer.mx\/horizonte\/wp-json\/wp\/v2\/types\/post"}],"author":[{"embeddable":true,"href":"https:\/\/www.imer.mx\/horizonte\/wp-json\/wp\/v2\/users\/1"}],"replies":[{"embeddable":true,"href":"https:\/\/www.imer.mx\/horizonte\/wp-json\/wp\/v2\/comments?post=15213"}],"version-history":[{"count":0,"href":"https:\/\/www.imer.mx\/horizonte\/wp-json\/wp\/v2\/posts\/15213\/revisions"}],"wp:featuredmedia":[{"embeddable":true,"href":"https:\/\/www.imer.mx\/horizonte\/wp-json\/wp\/v2\/media\/15214"}],"wp:attachment":[{"href":"https:\/\/www.imer.mx\/horizonte\/wp-json\/wp\/v2\/media?parent=15213"}],"wp:term":[{"taxonomy":"category","embeddable":true,"href":"https:\/\/www.imer.mx\/horizonte\/wp-json\/wp\/v2\/categories?post=15213"},{"taxonomy":"post_tag","embeddable":true,"href":"https:\/\/www.imer.mx\/horizonte\/wp-json\/wp\/v2\/tags?post=15213"}],"curies":[{"name":"wp","href":"https:\/\/api.w.org\/{rel}","templated":true}]}}