{"id":13607,"date":"2019-07-26T13:17:35","date_gmt":"2019-07-26T18:17:35","guid":{"rendered":"https:\/\/www.imer.mx\/horizonte\/?p=13607"},"modified":"2019-08-27T13:35:09","modified_gmt":"2019-08-27T18:35:09","slug":"billieholiday","status":"publish","type":"post","link":"https:\/\/www.imer.mx\/horizonte\/billieholiday\/","title":{"rendered":"Billie Holiday"},"content":{"rendered":"<div class=\"wpb-content-wrapper\"><p>[vc_section full_width=&#8221;stretch_row_content&#8221; css=&#8221;.vc_custom_1565797401719{margin-top: -50px !important;border-top-width: -50px !important;padding-top: -50px !important;background-color: #ffffff !important;}&#8221;][vc_row type=&#8221;vc_default&#8221; css=&#8221;.vc_custom_1565797415851{background-color: #ffffff !important;}&#8221;][vc_column width=&#8221;1\/2&#8243;][vc_single_image image=&#8221;13705&#8243; img_size=&#8221;full&#8221;][\/vc_column][vc_column width=&#8221;1\/2&#8243;][vc_custom_heading text=&#8221;Lady sings the blues&#8221; font_container=&#8221;tag:h2|font_size:35|text_align:left|color:%23000000&#8243;][vc_empty_space height=&#8221;15px&#8221; css=&#8221;.vc_custom_1565797599486{background-color: #ffffff !important;}&#8221;][vc_column_text]<\/p>\r\n<p class=\"p1\"><span class=\"s1\">\u201cElla pod\u00eda<span class=\"Apple-converted-space\">\u00a0\u00a0<\/span>expresar m\u00e1s en un coro que la mayor\u00eda de las actrices en tres actos\u201d dec\u00eda la directora y actriz de cine Jeanne Moreau sobre\u00a0<b>Billie Holiday<\/b>, a quien recordamos a 60 a\u00f1os de su fallecimiento.<\/span><\/p>\r\n<p class=\"p1\"><span class=\"s1\">In memoriam.<\/span><\/p>\r\n<p class=\"p2\"><span class=\"s2\">Nacida en\u00a0<span class=\"s1\">Filadelfia<\/span>\u00a0(<span class=\"s1\">Pensilvania<\/span>) el 7 de abril de 1<span class=\"s1\">915<\/span><\/span><span class=\"s3\">\u00a0fue bautizada con el nombre de<\/span><span class=\"s2\"> Eleanora Fagan. Su madre, Sadie Fagan, ten\u00eda tan s\u00f3lo trece a\u00f1os cuando la tuvo; su padre Clarence Holiday, guitarrista y bajista de j<span class=\"s1\"><i>azz<\/i><\/span>, ten\u00eda quince a\u00f1os. <\/span><span class=\"s4\">Vivi\u00f3 una infancia en la que estuvieron presentes los abusos y la pobreza. Ante el abandono de su padre y la dif\u00edcil situaci\u00f3n econ\u00f3mica se mud\u00f3 con su madre a Harlem, donde trabaj\u00f3 como trabajadora dom\u00e9stica y sexual. Su vida cambi\u00f3 tras escuchar a <b>Louis Armstrong <\/b>y\u00a0<b>Bessie Smith<\/b>. Desde ese momento Billie supo lo que quer\u00eda ser en la vida: cantante<\/span><\/p>\r\n<p class=\"p1\"><span class=\"s1\">En 1938 trabaj\u00f3 en el \u201cCaf\u00e9 Society\u201d al cual acud\u00edan muchos m\u00fasicos de jazz. Su nombre empez\u00f3 a ser conocido y el club gan\u00f3 popularidad gracias a que se corri\u00f3 la voz de que ah\u00ed se presentaba \u201cla nueva sensaci\u00f3n del jazz\u201d. La cima de su carrera la alcanz\u00f3\u00a0<\/span><span class=\"s5\">cuando el productor<b>\u00a0<\/b>John Hammond<b>\u00a0<\/b>le consigui\u00f3 un contrato de grabaci\u00f3n con<b>\u00a0<\/b>Benny Goodman<b>.\u00a0<\/b><\/span><b><\/b><\/p>\r\n<p class=\"p3\"><span class=\"s4\">A lo largo de estos primeros a\u00f1os se code\u00f3 con<span class=\"Apple-converted-space\">\u00a0\u00a0<\/span>algunos de los mejores m\u00fasicos de la \u00e9poca como\u00a0<span class=\"s3\">B<\/span><span class=\"s3\">en Webster<\/span>,\u00a0<span class=\"s3\">Roy Eldridge<\/span>,\u00a0<span class=\"s3\">Johnny Hodges<\/span>, Louis Armstrong y su amigo del alma, Lester Young quien la apod\u00f3 \u201cLady Day\u201d<\/span><\/p>\r\n<p class=\"p1\"><span class=\"s1\">Billie tuvo una vida oscura, en la que las adicciones le complicaron su carrera y la llevaron a una muerte temprana. Falleci\u00f3 a los 44 a\u00f1os.<\/span><\/p>\r\n<p class=\"p4\"><span class=\"s1\">Dej\u00f3 escrito uno de sus legados m\u00e1s poderosos, una autobiograf\u00eda que titul\u00f3\u00a0<i>Lady Sings the Blues<\/i><\/span><span class=\"s6\">\u00a0en la cual afirm\u00f3:\u00a0<\/span><span class=\"s1\">\u201cNadie entona la palabra hambre como yo o canta como yo la palabra amor\u201d.<\/span><\/p>\r\n<p class=\"p3\"><span class=\"s1\">Su legado musical\u00a0<b><\/b>tiene un estilo alejado de convencionalismos, con letras inolvidables, que no solo hablaban de desamor<\/span><span class=\"s7\">, capaces de dejar constancia sobre lo duro que fue crecer como afroamericana\u00a0<span class=\"s1\">en un pa\u00eds racista<\/span><\/span><span class=\"s8\">.<\/span><\/p>\r\n<p>&nbsp;<\/p>\r\n<p dir=\"ltr\" data-placeholder=\"Traducci\u00f3n\"><strong>Programa transmitido el viernes 26 de julio<\/strong><\/p>\r\n<p dir=\"ltr\" data-placeholder=\"Traducci\u00f3n\"><strong>Conduce:<\/strong> Luis Gerardo Zavala<\/p>\r\n<p dir=\"ltr\" data-placeholder=\"Traducci\u00f3n\"><strong>Productor:<\/strong> Marcelo Oliver<\/p>\r\n<p>[\/vc_column_text][vc_column_text]<\/p>\r\n\r\n<figure class=\"wp-block-audio\"><audio src=\"https:\/\/www.imer.mx\/horizonte\/wp-content\/uploads\/sites\/15\/Escucha-completa-Billie-Holiday-.mp3\" controls=\"controls\"><\/audio><\/figure>\r\n<p>[\/vc_column_text][\/vc_column][\/vc_row][\/vc_section][vc_row][vc_column][vc_empty_space height=&#8221;20px&#8221;][\/vc_column][\/vc_row][vc_row type=&#8221;vc_default&#8221; full_width=&#8221;stretch_row&#8221; parallax=&#8221;content-moving-fade&#8221; parallax_image=&#8221;13658&#8243; parallax_speed_bg=&#8221;2.5&#8243;][vc_column][vc_empty_space height=&#8221;300px&#8221;][\/vc_column][\/vc_row]<\/p><\/div>","protected":false},"excerpt":{"rendered":"<p>\u201cElla pod\u00eda\u00a0\u00a0expresar m\u00e1s en un coro que la mayor\u00eda de las actrices en tres actos\u201d dec\u00eda la directora y actriz de cine Jeanne Moreau sobre\u00a0Billie Holiday, a quien recordamos a 60 a\u00f1os de su fallecimiento.<\/p>\n","protected":false},"author":141,"featured_media":13705,"comment_status":"open","ping_status":"open","sticky":false,"template":"","format":"standard","meta":{"wp_popup_display_lightbox":0,"wp_popup_suppress":"","wp_popup_trigger":"","wp_popup_trigger_amount":0,"wp_popup_disable_on_mobile":false,"footnotes":""},"categories":[41,42,4],"tags":[],"class_list":["post-13607","post","type-post","status-publish","format-standard","has-post-thumbnail","hentry","category-audios","category-de-principio-a-fin","category-horizonte","category-41","category-42","category-4","description-off"],"_links":{"self":[{"href":"https:\/\/www.imer.mx\/horizonte\/wp-json\/wp\/v2\/posts\/13607","targetHints":{"allow":["GET"]}}],"collection":[{"href":"https:\/\/www.imer.mx\/horizonte\/wp-json\/wp\/v2\/posts"}],"about":[{"href":"https:\/\/www.imer.mx\/horizonte\/wp-json\/wp\/v2\/types\/post"}],"author":[{"embeddable":true,"href":"https:\/\/www.imer.mx\/horizonte\/wp-json\/wp\/v2\/users\/141"}],"replies":[{"embeddable":true,"href":"https:\/\/www.imer.mx\/horizonte\/wp-json\/wp\/v2\/comments?post=13607"}],"version-history":[{"count":0,"href":"https:\/\/www.imer.mx\/horizonte\/wp-json\/wp\/v2\/posts\/13607\/revisions"}],"wp:featuredmedia":[{"embeddable":true,"href":"https:\/\/www.imer.mx\/horizonte\/wp-json\/wp\/v2\/media\/13705"}],"wp:attachment":[{"href":"https:\/\/www.imer.mx\/horizonte\/wp-json\/wp\/v2\/media?parent=13607"}],"wp:term":[{"taxonomy":"category","embeddable":true,"href":"https:\/\/www.imer.mx\/horizonte\/wp-json\/wp\/v2\/categories?post=13607"},{"taxonomy":"post_tag","embeddable":true,"href":"https:\/\/www.imer.mx\/horizonte\/wp-json\/wp\/v2\/tags?post=13607"}],"curies":[{"name":"wp","href":"https:\/\/api.w.org\/{rel}","templated":true}]}}